
{"id":104421,"date":"2022-08-26T17:55:41","date_gmt":"2022-08-26T20:55:41","guid":{"rendered":"https:\/\/www.sudoestehoje.com.br\/novoportal\/?p=104421"},"modified":"2022-08-26T17:55:41","modified_gmt":"2022-08-26T20:55:41","slug":"maiquinique-prefeito-e-vice-sao-afastados-apos-cassacao-pesidente-da-camara-assume-nesta-sexta","status":"publish","type":"post","link":"https:\/\/www.sudoestehoje.com.br\/novoportal\/2022\/08\/26\/maiquinique-prefeito-e-vice-sao-afastados-apos-cassacao-pesidente-da-camara-assume-nesta-sexta\/","title":{"rendered":"MAIQUINIQUE | PREFEITO E VICE S\u00c3O AFASTADOS AP\u00d3S CASSA\u00c7\u00c3O; PESIDENTE DA C\u00c2MARA ASSUME NESTA SEXTA"},"content":{"rendered":"<p><a href=\"https:\/\/www.sudoestehoje.com.br\/novoportal\/wp-content\/uploads\/2022\/08\/download.png\"><img loading=\"lazy\" decoding=\"async\" class=\"aligncenter  wp-image-104424\" src=\"https:\/\/www.sudoestehoje.com.br\/novoportal\/wp-content\/uploads\/2022\/08\/download.png\" alt=\"\" width=\"499\" height=\"540\" \/><\/a><\/p>\n<p>Em cumprimento \u00e0 decis\u00e3o do TSE, que confirmou a cassa\u00e7\u00e3o do prefeito Jesulino Porto e sua vice Dra. Zaza, a Justi\u00e7a Eleitoral da Comarca de Macarani determinou o afastamento definitivo definitivo dos gestores e mandou dar posse ao atual Presidente da C\u00e2mara Municipal,<strong><em> Lourisvaldo Rodrigues Souza<\/em><\/strong>.<\/p>\n<p>Lourisvaldo \u00e9 vereador do partido Solidariedade, e assume a prefeitura at\u00e9 a realiza\u00e7\u00e3o de elei\u00e7\u00f5es suplementares, em data a ser designada pelo TRE-BA.<\/p>\n<p>A posse ocorrer\u00e1 nesta sexta-feira (26), \u00e0s 20h, na sede da C\u00e2mara Municipal da cidade.<\/p>\n<p><strong><em>Por Davi Ferraz<\/em><\/strong><\/p>\n","protected":false},"excerpt":{"rendered":"<p>Em cumprimento \u00e0 decis\u00e3o do TSE, que confirmou a cassa\u00e7\u00e3o do prefeito Jesulino Porto e sua vice Dra. Zaza, a Justi\u00e7a Eleitoral da Comarca de Macarani determinou o afastamento definitivo definitivo dos gestores e mandou dar posse ao atual Presidente da C\u00e2mara Municipal, Lourisvaldo Rodrigues Souza. Lourisvaldo \u00e9 vereador do partido Solidariedade, e assume a [&hellip;]<\/p>\n","protected":false},"author":2,"featured_media":104424,"comment_status":"open","ping_status":"open","sticky":false,"template":"","format":"standard","meta":{"footnotes":"","_links_to":"","_links_to_target":""},"categories":[1],"tags":[],"class_list":["post-104421","post","type-post","status-publish","format-standard","has-post-thumbnail","hentry","category-geral"],"views":929,"_links":{"self":[{"href":"https:\/\/www.sudoestehoje.com.br\/novoportal\/wp-json\/wp\/v2\/posts\/104421","targetHints":{"allow":["GET"]}}],"collection":[{"href":"https:\/\/www.sudoestehoje.com.br\/novoportal\/wp-json\/wp\/v2\/posts"}],"about":[{"href":"https:\/\/www.sudoestehoje.com.br\/novoportal\/wp-json\/wp\/v2\/types\/post"}],"author":[{"embeddable":true,"href":"https:\/\/www.sudoestehoje.com.br\/novoportal\/wp-json\/wp\/v2\/users\/2"}],"replies":[{"embeddable":true,"href":"https:\/\/www.sudoestehoje.com.br\/novoportal\/wp-json\/wp\/v2\/comments?post=104421"}],"version-history":[{"count":4,"href":"https:\/\/www.sudoestehoje.com.br\/novoportal\/wp-json\/wp\/v2\/posts\/104421\/revisions"}],"predecessor-version":[{"id":104426,"href":"https:\/\/www.sudoestehoje.com.br\/novoportal\/wp-json\/wp\/v2\/posts\/104421\/revisions\/104426"}],"wp:featuredmedia":[{"embeddable":true,"href":"https:\/\/www.sudoestehoje.com.br\/novoportal\/wp-json\/wp\/v2\/media\/104424"}],"wp:attachment":[{"href":"https:\/\/www.sudoestehoje.com.br\/novoportal\/wp-json\/wp\/v2\/media?parent=104421"}],"wp:term":[{"taxonomy":"category","embeddable":true,"href":"https:\/\/www.sudoestehoje.com.br\/novoportal\/wp-json\/wp\/v2\/categories?post=104421"},{"taxonomy":"post_tag","embeddable":true,"href":"https:\/\/www.sudoestehoje.com.br\/novoportal\/wp-json\/wp\/v2\/tags?post=104421"}],"curies":[{"name":"wp","href":"https:\/\/api.w.org\/{rel}","templated":true}]}}