
{"id":104415,"date":"2022-08-26T17:10:39","date_gmt":"2022-08-26T20:10:39","guid":{"rendered":"https:\/\/www.sudoestehoje.com.br\/novoportal\/?p=104415"},"modified":"2022-08-26T17:13:39","modified_gmt":"2022-08-26T20:13:39","slug":"coopardo-apoia-realizacao-do-leilao-vl-agropecuaria-e-fazenda-veneza-2022","status":"publish","type":"post","link":"https:\/\/www.sudoestehoje.com.br\/novoportal\/2022\/08\/26\/coopardo-apoia-realizacao-do-leilao-vl-agropecuaria-e-fazenda-veneza-2022\/","title":{"rendered":"COOPARDO APOIA REALIZA\u00c7\u00c3O DO LEIL\u00c3O VL AGROPECU\u00c1RIA E FAZENDA VENEZA 2022"},"content":{"rendered":"<p><a href=\"https:\/\/www.sudoestehoje.com.br\/novoportal\/wp-content\/uploads\/2022\/08\/WhatsApp-Image-2022-08-26-at-16.56.10.jpeg\"><img loading=\"lazy\" decoding=\"async\" class=\"aligncenter size-medium wp-image-104418\" src=\"https:\/\/www.sudoestehoje.com.br\/novoportal\/wp-content\/uploads\/2022\/08\/WhatsApp-Image-2022-08-26-at-16.56.10-500x493.jpeg\" alt=\"\" width=\"500\" height=\"493\" srcset=\"https:\/\/www.sudoestehoje.com.br\/novoportal\/wp-content\/uploads\/2022\/08\/WhatsApp-Image-2022-08-26-at-16.56.10-500x493.jpeg 500w, https:\/\/www.sudoestehoje.com.br\/novoportal\/wp-content\/uploads\/2022\/08\/WhatsApp-Image-2022-08-26-at-16.56.10-700x690.jpeg 700w, https:\/\/www.sudoestehoje.com.br\/novoportal\/wp-content\/uploads\/2022\/08\/WhatsApp-Image-2022-08-26-at-16.56.10-768x757.jpeg 768w, https:\/\/www.sudoestehoje.com.br\/novoportal\/wp-content\/uploads\/2022\/08\/WhatsApp-Image-2022-08-26-at-16.56.10.jpeg 1080w\" sizes=\"auto, (max-width: 500px) 100vw, 500px\" \/><\/a><\/p>\n<p>Nesta quinta-feira (25), \u00e0s 18:30h, no Youtube\/CentralLeiloes, ocorrer\u00e1 a LIVE do <strong>Leil\u00e3o VL Agropecu\u00e1ria e Fazenda Veneza &#8211; Edi\u00e7\u00e3o 2022<\/strong>, para apresenta\u00e7\u00e3o dos animais PO que ser\u00e3o ofertados em nosso remate. Participe da LIVE e saiba tudo sobre esse esperado leil\u00e3o.<\/p>\n<p>O prestigiado evento conta com o apoio\u00a0 e patroc\u00ednio da <strong>COOPARDO,<\/strong> maior cooperativa de produtores rurais do Sudoeste da Bahia.<\/p>\n<p>&#x2705; Touros e matrizes nelore PO de gen\u00e9tica consistente e avaliados pelo PMGZ, e bezerros de corte.<\/p>\n<p>Seu encontro com a evolu\u00e7\u00e3o gen\u00e9tica da ra\u00e7a nelore.<\/p>\n<p>&#x1f5d3; 27 de Agosto (s\u00e1bado)<br \/>\n&#x23f0; 9:00 horas<br \/>\n&#x1f3a5; Transmiss\u00e3o: Canal do Criador e Lance Rural<br \/>\n&#x1f5a5; Retransmiss\u00e3o: Central TV Agreste Est\u00fadio e E-Rural<br \/>\n&#x1f399;&#xfe0f; Leiloeira: Central Leil\u00f5es e Agreste Leil\u00f5es. Apoio: E-Rural e Rancho Leil\u00f5es<br \/>\n&#x1f4b0; Pagamento em 30 Parcelas animais PO e parcela \u00fanica gado comercial<br \/>\n&#x1f69b; Frete gr\u00e1tis animais PO (sob consulta)<\/p>\n<p>VL AGROPECU\u00c1RIA<br \/>\nGen\u00e9tica de Resultados<\/p>\n<p><a href=\"https:\/\/www.instagram.com\/p\/ChnuyZAuSQn\/?igshid=MDJmNzVkMjY=\">https:\/\/www.instagram.com\/p\/ChnuyZAuSQn\/?igshid=MDJmNzVkMjY=<\/a><\/p>\n<p><a href=\"https:\/\/www.sudoestehoje.com.br\/novoportal\/wp-content\/uploads\/2022\/08\/WhatsApp-Image-2022-08-26-at-09.06.18.jpeg\"><img loading=\"lazy\" decoding=\"async\" class=\"aligncenter size-medium wp-image-104417\" src=\"https:\/\/www.sudoestehoje.com.br\/novoportal\/wp-content\/uploads\/2022\/08\/WhatsApp-Image-2022-08-26-at-09.06.18-394x700.jpeg\" alt=\"\" width=\"394\" height=\"700\" srcset=\"https:\/\/www.sudoestehoje.com.br\/novoportal\/wp-content\/uploads\/2022\/08\/WhatsApp-Image-2022-08-26-at-09.06.18-394x700.jpeg 394w, https:\/\/www.sudoestehoje.com.br\/novoportal\/wp-content\/uploads\/2022\/08\/WhatsApp-Image-2022-08-26-at-09.06.18-506x900.jpeg 506w, https:\/\/www.sudoestehoje.com.br\/novoportal\/wp-content\/uploads\/2022\/08\/WhatsApp-Image-2022-08-26-at-09.06.18.jpeg 720w\" sizes=\"auto, (max-width: 394px) 100vw, 394px\" \/><\/a><\/p>\n","protected":false},"excerpt":{"rendered":"<p>Nesta quinta-feira (25), \u00e0s 18:30h, no Youtube\/CentralLeiloes, ocorrer\u00e1 a LIVE do Leil\u00e3o VL Agropecu\u00e1ria e Fazenda Veneza &#8211; Edi\u00e7\u00e3o 2022, para apresenta\u00e7\u00e3o dos animais PO que ser\u00e3o ofertados em nosso remate. Participe da LIVE e saiba tudo sobre esse esperado leil\u00e3o. O prestigiado evento conta com o apoio\u00a0 e patroc\u00ednio da COOPARDO, maior cooperativa de [&hellip;]<\/p>\n","protected":false},"author":2,"featured_media":104418,"comment_status":"open","ping_status":"open","sticky":false,"template":"","format":"standard","meta":{"footnotes":"","_links_to":"","_links_to_target":""},"categories":[1],"tags":[],"class_list":["post-104415","post","type-post","status-publish","format-standard","has-post-thumbnail","hentry","category-geral"],"views":894,"_links":{"self":[{"href":"https:\/\/www.sudoestehoje.com.br\/novoportal\/wp-json\/wp\/v2\/posts\/104415","targetHints":{"allow":["GET"]}}],"collection":[{"href":"https:\/\/www.sudoestehoje.com.br\/novoportal\/wp-json\/wp\/v2\/posts"}],"about":[{"href":"https:\/\/www.sudoestehoje.com.br\/novoportal\/wp-json\/wp\/v2\/types\/post"}],"author":[{"embeddable":true,"href":"https:\/\/www.sudoestehoje.com.br\/novoportal\/wp-json\/wp\/v2\/users\/2"}],"replies":[{"embeddable":true,"href":"https:\/\/www.sudoestehoje.com.br\/novoportal\/wp-json\/wp\/v2\/comments?post=104415"}],"version-history":[{"count":3,"href":"https:\/\/www.sudoestehoje.com.br\/novoportal\/wp-json\/wp\/v2\/posts\/104415\/revisions"}],"predecessor-version":[{"id":104420,"href":"https:\/\/www.sudoestehoje.com.br\/novoportal\/wp-json\/wp\/v2\/posts\/104415\/revisions\/104420"}],"wp:featuredmedia":[{"embeddable":true,"href":"https:\/\/www.sudoestehoje.com.br\/novoportal\/wp-json\/wp\/v2\/media\/104418"}],"wp:attachment":[{"href":"https:\/\/www.sudoestehoje.com.br\/novoportal\/wp-json\/wp\/v2\/media?parent=104415"}],"wp:term":[{"taxonomy":"category","embeddable":true,"href":"https:\/\/www.sudoestehoje.com.br\/novoportal\/wp-json\/wp\/v2\/categories?post=104415"},{"taxonomy":"post_tag","embeddable":true,"href":"https:\/\/www.sudoestehoje.com.br\/novoportal\/wp-json\/wp\/v2\/tags?post=104415"}],"curies":[{"name":"wp","href":"https:\/\/api.w.org\/{rel}","templated":true}]}}