
{"id":104410,"date":"2022-08-25T23:03:48","date_gmt":"2022-08-26T02:03:48","guid":{"rendered":"https:\/\/www.sudoestehoje.com.br\/novoportal\/?p=104410"},"modified":"2022-08-25T23:10:11","modified_gmt":"2022-08-26T02:10:11","slug":"eleicoes-bolsonaro-chega-sabado-pela-manha-em-vitoria-da-conquista","status":"publish","type":"post","link":"https:\/\/www.sudoestehoje.com.br\/novoportal\/2022\/08\/25\/eleicoes-bolsonaro-chega-sabado-pela-manha-em-vitoria-da-conquista\/","title":{"rendered":"ELEI\u00c7\u00d5ES | BOLSONARO CHEGA S\u00c1BADO PELA MANH\u00c3 EM VIT\u00d3RIA DA CONQUISTA"},"content":{"rendered":"<p><a href=\"https:\/\/www.sudoestehoje.com.br\/novoportal\/wp-content\/uploads\/2022\/08\/motociata-Bolsonaro-Roma.png\"><img loading=\"lazy\" decoding=\"async\" class=\"aligncenter size-medium wp-image-104411\" src=\"https:\/\/www.sudoestehoje.com.br\/novoportal\/wp-content\/uploads\/2022\/08\/motociata-Bolsonaro-Roma-500x350.png\" alt=\"\" width=\"500\" height=\"350\" srcset=\"https:\/\/www.sudoestehoje.com.br\/novoportal\/wp-content\/uploads\/2022\/08\/motociata-Bolsonaro-Roma-500x350.png 500w, https:\/\/www.sudoestehoje.com.br\/novoportal\/wp-content\/uploads\/2022\/08\/motociata-Bolsonaro-Roma.png 600w\" sizes=\"auto, (max-width: 500px) 100vw, 500px\" \/><\/a><\/p>\n<p>O presidente Jair Bolsonaro (PL) desembarca \u00e0s 8h50, no Aeroporto Glauber Rocha, em Vit\u00f3ria da Conquista, neste s\u00e1bado (27). Em seu retorno \u00e0 Bahia, ele ser\u00e1 recepcionado pela chapa majorit\u00e1ria da coliga\u00e7\u00e3o \u201cA Bahia de M\u00e3os Dadas com o Brasil (PL,PMB, PROS, Patriotas e Agir36)\u201d, formada por Jo\u00e3o Roma (PL), candidato a governador da Bahia, Leon\u00eddia Umbelina (PMB), vice, e Dra. Ra\u00edssa (PL), candidata ao Senado Federal.<\/p>\n<p>Do novo aeroporto, inaugurado por ele, Bolsonaro se desloca com Roma, Leon\u00eddia e Ra\u00edssa para o estacionamento do antigo terminal aerovi\u00e1rio, onde estar\u00e1 a concentra\u00e7\u00e3o de motos e carros para a moto-carreata que percorrer\u00e1 as principais avenidas da cidade.<\/p>\n<p>Depois do passeio por Vit\u00f3ria da Conquista, por volta das 10 horas, o presidente far\u00e1 pronunciamento em palanque montado na \u00e1rea externa do est\u00e1dio Lomanto J\u00fanior.<\/p>\n<p>\u201cCom a presen\u00e7a de baianas e baianos de todo o Estado, vamos mostrar mais uma vez nessa grande moto-carreata que a Bahia quer seguir de m\u00e3os dadas com o Brasil\u201d, diz o candidato a governador da Bahia, Jo\u00e3o Roma, que far\u00e1 o trajeto na garupa da moto do presidente Bolsonaro.<\/p>\n","protected":false},"excerpt":{"rendered":"<p>O presidente Jair Bolsonaro (PL) desembarca \u00e0s 8h50, no Aeroporto Glauber Rocha, em Vit\u00f3ria da Conquista, neste s\u00e1bado (27). Em seu retorno \u00e0 Bahia, ele ser\u00e1 recepcionado pela chapa majorit\u00e1ria da coliga\u00e7\u00e3o \u201cA Bahia de M\u00e3os Dadas com o Brasil (PL,PMB, PROS, Patriotas e Agir36)\u201d, formada por Jo\u00e3o Roma (PL), candidato a governador da Bahia, [&hellip;]<\/p>\n","protected":false},"author":2,"featured_media":104411,"comment_status":"open","ping_status":"open","sticky":false,"template":"","format":"standard","meta":{"footnotes":"","_links_to":"","_links_to_target":""},"categories":[1],"tags":[],"class_list":["post-104410","post","type-post","status-publish","format-standard","has-post-thumbnail","hentry","category-geral"],"views":708,"_links":{"self":[{"href":"https:\/\/www.sudoestehoje.com.br\/novoportal\/wp-json\/wp\/v2\/posts\/104410","targetHints":{"allow":["GET"]}}],"collection":[{"href":"https:\/\/www.sudoestehoje.com.br\/novoportal\/wp-json\/wp\/v2\/posts"}],"about":[{"href":"https:\/\/www.sudoestehoje.com.br\/novoportal\/wp-json\/wp\/v2\/types\/post"}],"author":[{"embeddable":true,"href":"https:\/\/www.sudoestehoje.com.br\/novoportal\/wp-json\/wp\/v2\/users\/2"}],"replies":[{"embeddable":true,"href":"https:\/\/www.sudoestehoje.com.br\/novoportal\/wp-json\/wp\/v2\/comments?post=104410"}],"version-history":[{"count":1,"href":"https:\/\/www.sudoestehoje.com.br\/novoportal\/wp-json\/wp\/v2\/posts\/104410\/revisions"}],"predecessor-version":[{"id":104412,"href":"https:\/\/www.sudoestehoje.com.br\/novoportal\/wp-json\/wp\/v2\/posts\/104410\/revisions\/104412"}],"wp:featuredmedia":[{"embeddable":true,"href":"https:\/\/www.sudoestehoje.com.br\/novoportal\/wp-json\/wp\/v2\/media\/104411"}],"wp:attachment":[{"href":"https:\/\/www.sudoestehoje.com.br\/novoportal\/wp-json\/wp\/v2\/media?parent=104410"}],"wp:term":[{"taxonomy":"category","embeddable":true,"href":"https:\/\/www.sudoestehoje.com.br\/novoportal\/wp-json\/wp\/v2\/categories?post=104410"},{"taxonomy":"post_tag","embeddable":true,"href":"https:\/\/www.sudoestehoje.com.br\/novoportal\/wp-json\/wp\/v2\/tags?post=104410"}],"curies":[{"name":"wp","href":"https:\/\/api.w.org\/{rel}","templated":true}]}}