
{"id":104405,"date":"2022-08-25T22:56:24","date_gmt":"2022-08-26T01:56:24","guid":{"rendered":"https:\/\/www.sudoestehoje.com.br\/novoportal\/?p=104405"},"modified":"2022-08-25T22:56:24","modified_gmt":"2022-08-26T01:56:24","slug":"ibope-lula-perde-para-bolsonaro-na-audiencia-do-jornal-nacional","status":"publish","type":"post","link":"https:\/\/www.sudoestehoje.com.br\/novoportal\/2022\/08\/25\/ibope-lula-perde-para-bolsonaro-na-audiencia-do-jornal-nacional\/","title":{"rendered":"IBOPE | LULA PERDE PARA BOLSONARO NA AUDI\u00caNCIA DO JORNAL NACIONAL"},"content":{"rendered":"<p><a href=\"https:\/\/www.sudoestehoje.com.br\/novoportal\/wp-content\/uploads\/2022\/08\/entrevistalulajornalnacional-960x540-1.png\"><img loading=\"lazy\" decoding=\"async\" class=\"aligncenter size-medium wp-image-104408\" src=\"https:\/\/www.sudoestehoje.com.br\/novoportal\/wp-content\/uploads\/2022\/08\/entrevistalulajornalnacional-960x540-1-500x281.png\" alt=\"\" width=\"500\" height=\"281\" srcset=\"https:\/\/www.sudoestehoje.com.br\/novoportal\/wp-content\/uploads\/2022\/08\/entrevistalulajornalnacional-960x540-1-500x281.png 500w, https:\/\/www.sudoestehoje.com.br\/novoportal\/wp-content\/uploads\/2022\/08\/entrevistalulajornalnacional-960x540-1-700x394.png 700w, https:\/\/www.sudoestehoje.com.br\/novoportal\/wp-content\/uploads\/2022\/08\/entrevistalulajornalnacional-960x540-1-768x432.png 768w, https:\/\/www.sudoestehoje.com.br\/novoportal\/wp-content\/uploads\/2022\/08\/entrevistalulajornalnacional-960x540-1.png 960w\" sizes=\"auto, (max-width: 500px) 100vw, 500px\" \/><\/a><\/p>\n<p>A entrevista do ex-presidente Luiz In\u00e1cio Lula da Silva (PT) no Jornal Nacional, da TV Globo, alcan\u00e7ou nesta quinta-feira (25) uma audi\u00eancia de 30 pontos na Grande S\u00e3o Paulo \u2014cada ponto equivale a 205.755 telespectadores.<\/p>\n<p>Os dados preliminares s\u00e3o do Instituto Kantar Ibope Media. A conversa de Lula com os jornalistas William Bonner e Renata Vasconcellos j\u00e1 partiu com uma audi\u00eancia que era de 27 pontos.<\/p>\n<p>Saltou em seguida para 29 pontos e atingiu o pico de 34 pontos. Do total de aparelhos ligados, 67% estavam sintonizados na Globo.<\/p>\n<p>A entrevista de Bolsonaro alcan\u00e7ou uma audi\u00eancia maior do que a do cl\u00e1ssico entre Corinthians e Flamengo, exibido no SBT no dia 2 de agosto, e atingiu pico de 37 pontos no fim do programa.<\/p>\n<p>Nesta semana o programa entrevista todos os candidatos \u00e0 Presid\u00eancia. Ciro Gomes (PDT) foi ouvido na quarta-feira (23) e, na sexta (26), ser\u00e1 a vez de Simone Tebet (MDB).<\/p>\n<p>Os candidatos devem se encontrar tamb\u00e9m no domingo (28), no debate do pool que re\u00fane TV Bandeirantes, Folha, UOL e TV Cultura. A expectativa \u00e9 que a audi\u00eancia seja semelhante, ou at\u00e9 maior, somando-se a amplia\u00e7\u00e3o da transmiss\u00e3o no mundo digital.<\/p>\n","protected":false},"excerpt":{"rendered":"<p>A entrevista do ex-presidente Luiz In\u00e1cio Lula da Silva (PT) no Jornal Nacional, da TV Globo, alcan\u00e7ou nesta quinta-feira (25) uma audi\u00eancia de 30 pontos na Grande S\u00e3o Paulo \u2014cada ponto equivale a 205.755 telespectadores. Os dados preliminares s\u00e3o do Instituto Kantar Ibope Media. A conversa de Lula com os jornalistas William Bonner e Renata [&hellip;]<\/p>\n","protected":false},"author":2,"featured_media":104408,"comment_status":"open","ping_status":"open","sticky":false,"template":"","format":"standard","meta":{"footnotes":"","_links_to":"","_links_to_target":""},"categories":[1],"tags":[],"class_list":["post-104405","post","type-post","status-publish","format-standard","has-post-thumbnail","hentry","category-geral"],"views":953,"_links":{"self":[{"href":"https:\/\/www.sudoestehoje.com.br\/novoportal\/wp-json\/wp\/v2\/posts\/104405","targetHints":{"allow":["GET"]}}],"collection":[{"href":"https:\/\/www.sudoestehoje.com.br\/novoportal\/wp-json\/wp\/v2\/posts"}],"about":[{"href":"https:\/\/www.sudoestehoje.com.br\/novoportal\/wp-json\/wp\/v2\/types\/post"}],"author":[{"embeddable":true,"href":"https:\/\/www.sudoestehoje.com.br\/novoportal\/wp-json\/wp\/v2\/users\/2"}],"replies":[{"embeddable":true,"href":"https:\/\/www.sudoestehoje.com.br\/novoportal\/wp-json\/wp\/v2\/comments?post=104405"}],"version-history":[{"count":3,"href":"https:\/\/www.sudoestehoje.com.br\/novoportal\/wp-json\/wp\/v2\/posts\/104405\/revisions"}],"predecessor-version":[{"id":104409,"href":"https:\/\/www.sudoestehoje.com.br\/novoportal\/wp-json\/wp\/v2\/posts\/104405\/revisions\/104409"}],"wp:featuredmedia":[{"embeddable":true,"href":"https:\/\/www.sudoestehoje.com.br\/novoportal\/wp-json\/wp\/v2\/media\/104408"}],"wp:attachment":[{"href":"https:\/\/www.sudoestehoje.com.br\/novoportal\/wp-json\/wp\/v2\/media?parent=104405"}],"wp:term":[{"taxonomy":"category","embeddable":true,"href":"https:\/\/www.sudoestehoje.com.br\/novoportal\/wp-json\/wp\/v2\/categories?post=104405"},{"taxonomy":"post_tag","embeddable":true,"href":"https:\/\/www.sudoestehoje.com.br\/novoportal\/wp-json\/wp\/v2\/tags?post=104405"}],"curies":[{"name":"wp","href":"https:\/\/api.w.org\/{rel}","templated":true}]}}