
{"id":104351,"date":"2022-08-23T22:06:02","date_gmt":"2022-08-24T01:06:02","guid":{"rendered":"https:\/\/www.sudoestehoje.com.br\/novoportal\/?p=104351"},"modified":"2022-08-23T22:08:15","modified_gmt":"2022-08-24T01:08:15","slug":"esporte-equipe-de-itapetinga-a-destaque-em-campeonato-baiano-de-karate","status":"publish","type":"post","link":"https:\/\/www.sudoestehoje.com.br\/novoportal\/2022\/08\/23\/esporte-equipe-de-itapetinga-a-destaque-em-campeonato-baiano-de-karate\/","title":{"rendered":"ESPORTE | EQUIPE DE ITAPETINGA \u00c9 DESTAQUE EM CAMPEONATO BAIANO DE KARAT\u00ca"},"content":{"rendered":"<p><a href=\"https:\/\/www.sudoestehoje.com.br\/novoportal\/wp-content\/uploads\/2022\/08\/KARATE-1.jpeg\"><img loading=\"lazy\" decoding=\"async\" class=\"aligncenter size-medium wp-image-104353\" src=\"https:\/\/www.sudoestehoje.com.br\/novoportal\/wp-content\/uploads\/2022\/08\/KARATE-1-500x225.jpeg\" alt=\"\" width=\"500\" height=\"225\" srcset=\"https:\/\/www.sudoestehoje.com.br\/novoportal\/wp-content\/uploads\/2022\/08\/KARATE-1-500x225.jpeg 500w, https:\/\/www.sudoestehoje.com.br\/novoportal\/wp-content\/uploads\/2022\/08\/KARATE-1-700x315.jpeg 700w, https:\/\/www.sudoestehoje.com.br\/novoportal\/wp-content\/uploads\/2022\/08\/KARATE-1-768x346.jpeg 768w, https:\/\/www.sudoestehoje.com.br\/novoportal\/wp-content\/uploads\/2022\/08\/KARATE-1.jpeg 990w\" sizes=\"auto, (max-width: 500px) 100vw, 500px\" \/><\/a><\/p>\n<p>No gin\u00e1sio de esportes da AABB de Salvador mais de 800 atletas de 40 clubes se reuniram, nos dias 20 e 21 de agosto, para disputarem o Campeonato Baiano de Karat\u00ea 2022, promovido pela Federa\u00e7\u00e3o Baiana de Karat\u00ea (FBK).<\/p>\n<p>Com a participa\u00e7\u00e3o de atletas de diversas cidades da Bahia, o evento somou pontos para o Ranking Nacional e ajudou definir a equipe baiana que vai disputar o Campeonato Brasileiro de Karat\u00ea.<\/p>\n<p><a href=\"https:\/\/www.sudoestehoje.com.br\/novoportal\/wp-content\/uploads\/2022\/08\/KARATE-3.jpeg\"><img loading=\"lazy\" decoding=\"async\" class=\"aligncenter size-medium wp-image-104355\" src=\"https:\/\/www.sudoestehoje.com.br\/novoportal\/wp-content\/uploads\/2022\/08\/KARATE-3-500x375.jpeg\" alt=\"\" width=\"500\" height=\"375\" srcset=\"https:\/\/www.sudoestehoje.com.br\/novoportal\/wp-content\/uploads\/2022\/08\/KARATE-3-500x375.jpeg 500w, https:\/\/www.sudoestehoje.com.br\/novoportal\/wp-content\/uploads\/2022\/08\/KARATE-3-700x525.jpeg 700w, https:\/\/www.sudoestehoje.com.br\/novoportal\/wp-content\/uploads\/2022\/08\/KARATE-3-768x576.jpeg 768w, https:\/\/www.sudoestehoje.com.br\/novoportal\/wp-content\/uploads\/2022\/08\/KARATE-3.jpeg 1280w\" sizes=\"auto, (max-width: 500px) 100vw, 500px\" \/><\/a><\/p>\n<p>A equipe Askar \u2013 Associa\u00e7\u00e3o de Karat\u00ea Auto Reflexo \u2013 representou Itapetinga e levou o nome da cidade para o p\u00f3dio. Sob o comando do Prof. Jurandir Carvalho Viana e dos Auxiliares T\u00e9cnicos Anderson Correia Robson e Gabriel Martins, a delega\u00e7\u00e3o, composta por 10 atletas, trouxe para o munic\u00edpio 13 medalhas: cinco de ouro, 04 de prata e 04 de bronze.<\/p>\n<p>Ao retornar para casa, a equipe vencedora foi at\u00e9 a secretaria de Cultura, Esporte, Turismo e Lazer agradecer \u00e0 prefeitura municipal o apoio recebido.<\/p>\n<p><a href=\"https:\/\/www.sudoestehoje.com.br\/novoportal\/wp-content\/uploads\/2022\/08\/KRATE-2.jpeg\"><img loading=\"lazy\" decoding=\"async\" class=\"aligncenter size-medium wp-image-104354\" src=\"https:\/\/www.sudoestehoje.com.br\/novoportal\/wp-content\/uploads\/2022\/08\/KRATE-2-500x375.jpeg\" alt=\"\" width=\"500\" height=\"375\" srcset=\"https:\/\/www.sudoestehoje.com.br\/novoportal\/wp-content\/uploads\/2022\/08\/KRATE-2-500x375.jpeg 500w, https:\/\/www.sudoestehoje.com.br\/novoportal\/wp-content\/uploads\/2022\/08\/KRATE-2-700x525.jpeg 700w, https:\/\/www.sudoestehoje.com.br\/novoportal\/wp-content\/uploads\/2022\/08\/KRATE-2-768x576.jpeg 768w, https:\/\/www.sudoestehoje.com.br\/novoportal\/wp-content\/uploads\/2022\/08\/KRATE-2.jpeg 1280w\" sizes=\"auto, (max-width: 500px) 100vw, 500px\" \/><\/a><\/p>\n<p>\u201cA prefeitura acredita na for\u00e7a transformadora do esporte em especial das artes marciais. \u00c9 um prazer para n\u00f3s ver esse grupo voltando para casa cheios de medalhas e sonhos, depois de terem levado o nome do nosso munic\u00edpio para todo o estado\u201d, disse o secret\u00e1rio de Cultura, esporte, turismo e lazer, Jailson Santana.<\/p>\n","protected":false},"excerpt":{"rendered":"<p>No gin\u00e1sio de esportes da AABB de Salvador mais de 800 atletas de 40 clubes se reuniram, nos dias 20 e 21 de agosto, para disputarem o Campeonato Baiano de Karat\u00ea 2022, promovido pela Federa\u00e7\u00e3o Baiana de Karat\u00ea (FBK). Com a participa\u00e7\u00e3o de atletas de diversas cidades da Bahia, o evento somou pontos para o [&hellip;]<\/p>\n","protected":false},"author":2,"featured_media":104353,"comment_status":"open","ping_status":"open","sticky":false,"template":"","format":"standard","meta":{"footnotes":"","_links_to":"","_links_to_target":""},"categories":[1],"tags":[],"class_list":["post-104351","post","type-post","status-publish","format-standard","has-post-thumbnail","hentry","category-geral"],"views":877,"_links":{"self":[{"href":"https:\/\/www.sudoestehoje.com.br\/novoportal\/wp-json\/wp\/v2\/posts\/104351","targetHints":{"allow":["GET"]}}],"collection":[{"href":"https:\/\/www.sudoestehoje.com.br\/novoportal\/wp-json\/wp\/v2\/posts"}],"about":[{"href":"https:\/\/www.sudoestehoje.com.br\/novoportal\/wp-json\/wp\/v2\/types\/post"}],"author":[{"embeddable":true,"href":"https:\/\/www.sudoestehoje.com.br\/novoportal\/wp-json\/wp\/v2\/users\/2"}],"replies":[{"embeddable":true,"href":"https:\/\/www.sudoestehoje.com.br\/novoportal\/wp-json\/wp\/v2\/comments?post=104351"}],"version-history":[{"count":4,"href":"https:\/\/www.sudoestehoje.com.br\/novoportal\/wp-json\/wp\/v2\/posts\/104351\/revisions"}],"predecessor-version":[{"id":104358,"href":"https:\/\/www.sudoestehoje.com.br\/novoportal\/wp-json\/wp\/v2\/posts\/104351\/revisions\/104358"}],"wp:featuredmedia":[{"embeddable":true,"href":"https:\/\/www.sudoestehoje.com.br\/novoportal\/wp-json\/wp\/v2\/media\/104353"}],"wp:attachment":[{"href":"https:\/\/www.sudoestehoje.com.br\/novoportal\/wp-json\/wp\/v2\/media?parent=104351"}],"wp:term":[{"taxonomy":"category","embeddable":true,"href":"https:\/\/www.sudoestehoje.com.br\/novoportal\/wp-json\/wp\/v2\/categories?post=104351"},{"taxonomy":"post_tag","embeddable":true,"href":"https:\/\/www.sudoestehoje.com.br\/novoportal\/wp-json\/wp\/v2\/tags?post=104351"}],"curies":[{"name":"wp","href":"https:\/\/api.w.org\/{rel}","templated":true}]}}