
{"id":104321,"date":"2022-08-23T17:56:06","date_gmt":"2022-08-23T20:56:06","guid":{"rendered":"https:\/\/www.sudoestehoje.com.br\/novoportal\/?p=104321"},"modified":"2022-08-23T18:11:13","modified_gmt":"2022-08-23T21:11:13","slug":"william-bonner-ignora-ivete-sangalo-apos-entrevista-com-bolsonaro-no-jn-cansado","status":"publish","type":"post","link":"https:\/\/www.sudoestehoje.com.br\/novoportal\/2022\/08\/23\/william-bonner-ignora-ivete-sangalo-apos-entrevista-com-bolsonaro-no-jn-cansado\/","title":{"rendered":"WILLIAM BONNER IGNORA IVETE SANGALO AP\u00d3S ENTREVISTA COM BOLSONARO NO JN; &#8220;CANSADO&#8221;"},"content":{"rendered":"<p><a href=\"https:\/\/www.sudoestehoje.com.br\/novoportal\/wp-content\/uploads\/2022\/08\/William-Bonner-ignora-Ivete-Sangalo-na-portaria-da-Globo.jpg\"><img loading=\"lazy\" decoding=\"async\" class=\"aligncenter size-medium wp-image-104325\" src=\"https:\/\/www.sudoestehoje.com.br\/novoportal\/wp-content\/uploads\/2022\/08\/William-Bonner-ignora-Ivete-Sangalo-na-portaria-da-Globo-500x281.jpg\" alt=\"\" width=\"500\" height=\"281\" srcset=\"https:\/\/www.sudoestehoje.com.br\/novoportal\/wp-content\/uploads\/2022\/08\/William-Bonner-ignora-Ivete-Sangalo-na-portaria-da-Globo-500x281.jpg 500w, https:\/\/www.sudoestehoje.com.br\/novoportal\/wp-content\/uploads\/2022\/08\/William-Bonner-ignora-Ivete-Sangalo-na-portaria-da-Globo-700x394.jpg 700w, https:\/\/www.sudoestehoje.com.br\/novoportal\/wp-content\/uploads\/2022\/08\/William-Bonner-ignora-Ivete-Sangalo-na-portaria-da-Globo-768x432.jpg 768w, https:\/\/www.sudoestehoje.com.br\/novoportal\/wp-content\/uploads\/2022\/08\/William-Bonner-ignora-Ivete-Sangalo-na-portaria-da-Globo.jpg 1280w\" sizes=\"auto, (max-width: 500px) 100vw, 500px\" \/><\/a><\/p>\n<p style=\"font-weight: 400;\">V\u00e1rios f\u00e3s do Jornal Nacional se reuniram na portaria dos Est\u00fadios Globo na noite desta segunda-feira (22), para cumprimentar os jornalistas William Bonner e Renata Vasconcellos ap\u00f3s a entrevista com o presidente Jair Bolsonaro (PL).<\/p>\n<p style=\"font-weight: 400;\">Entre os f\u00e3s, estava Ivete Sangalo, que se mostrou muito animada com a passagem do editor-chefe do Jornal Nacional e fez quest\u00e3o de falar com o jornalista.<\/p>\n<p style=\"font-weight: 400;\">A rea\u00e7\u00e3o de Bonner, no entanto, surpreendeu os internautas que assistiram o v\u00eddeo divulgado pelo influenciador Vinicius Barros.<\/p>\n<p style=\"font-weight: 400;\"><strong><em>\u201cArrasou William\u2026 William sou eu\u201d<\/em><\/strong>, gritou a apresentadora batendo no vidro do carro. O jornalista apenas acenou sorrindo, mas n\u00e3o chegou a abaixar o vidro ou responder a artista. <strong><em>\u201cNossa, o Bonner ignorou\u201c<\/em><\/strong>, comentou o influenciador.<\/p>\n<p>Com a repercuss\u00e3o negativa na imprensas e m\u00eddias sociais, Bonner pediu desculpas e disse que estava &#8220;cansado&#8221;.<\/p>\n","protected":false},"excerpt":{"rendered":"<p>V\u00e1rios f\u00e3s do Jornal Nacional se reuniram na portaria dos Est\u00fadios Globo na noite desta segunda-feira (22), para cumprimentar os jornalistas William Bonner e Renata Vasconcellos ap\u00f3s a entrevista com o presidente Jair Bolsonaro (PL). Entre os f\u00e3s, estava Ivete Sangalo, que se mostrou muito animada com a passagem do editor-chefe do Jornal Nacional e [&hellip;]<\/p>\n","protected":false},"author":2,"featured_media":104325,"comment_status":"open","ping_status":"open","sticky":false,"template":"","format":"standard","meta":{"footnotes":"","_links_to":"","_links_to_target":""},"categories":[1],"tags":[],"class_list":["post-104321","post","type-post","status-publish","format-standard","has-post-thumbnail","hentry","category-geral"],"views":887,"_links":{"self":[{"href":"https:\/\/www.sudoestehoje.com.br\/novoportal\/wp-json\/wp\/v2\/posts\/104321","targetHints":{"allow":["GET"]}}],"collection":[{"href":"https:\/\/www.sudoestehoje.com.br\/novoportal\/wp-json\/wp\/v2\/posts"}],"about":[{"href":"https:\/\/www.sudoestehoje.com.br\/novoportal\/wp-json\/wp\/v2\/types\/post"}],"author":[{"embeddable":true,"href":"https:\/\/www.sudoestehoje.com.br\/novoportal\/wp-json\/wp\/v2\/users\/2"}],"replies":[{"embeddable":true,"href":"https:\/\/www.sudoestehoje.com.br\/novoportal\/wp-json\/wp\/v2\/comments?post=104321"}],"version-history":[{"count":5,"href":"https:\/\/www.sudoestehoje.com.br\/novoportal\/wp-json\/wp\/v2\/posts\/104321\/revisions"}],"predecessor-version":[{"id":104327,"href":"https:\/\/www.sudoestehoje.com.br\/novoportal\/wp-json\/wp\/v2\/posts\/104321\/revisions\/104327"}],"wp:featuredmedia":[{"embeddable":true,"href":"https:\/\/www.sudoestehoje.com.br\/novoportal\/wp-json\/wp\/v2\/media\/104325"}],"wp:attachment":[{"href":"https:\/\/www.sudoestehoje.com.br\/novoportal\/wp-json\/wp\/v2\/media?parent=104321"}],"wp:term":[{"taxonomy":"category","embeddable":true,"href":"https:\/\/www.sudoestehoje.com.br\/novoportal\/wp-json\/wp\/v2\/categories?post=104321"},{"taxonomy":"post_tag","embeddable":true,"href":"https:\/\/www.sudoestehoje.com.br\/novoportal\/wp-json\/wp\/v2\/tags?post=104321"}],"curies":[{"name":"wp","href":"https:\/\/api.w.org\/{rel}","templated":true}]}}