
{"id":10431,"date":"2011-11-12T17:12:47","date_gmt":"2011-11-12T20:12:47","guid":{"rendered":"http:\/\/www.sudoestehoje.com.br\/novoportal\/?p=10431"},"modified":"2011-11-12T17:12:47","modified_gmt":"2011-11-12T20:12:47","slug":"ibucui-chiclete-com-banana-sera-atracao-no-brega-light","status":"publish","type":"post","link":"https:\/\/www.sudoestehoje.com.br\/novoportal\/2011\/11\/12\/ibucui-chiclete-com-banana-sera-atracao-no-brega-light\/","title":{"rendered":"IBUCU\u00cd: CHICLETE COM BANANA SER\u00c1 ATRA\u00c7\u00c3O NO BREGA LIGHT"},"content":{"rendered":"<p style=\"text-align: center;\"><img decoding=\"async\" class=\"aligncenter\" src=\"http:\/\/www.politicosdosuldabahia.com.br\/v1\/wp-content\/uploads\/Marcos-Galv%C3%A3o-Produtor-do-Brega-Light-e-Bell-Marques.jpg\" alt=\"\" width=\"250\" \/><\/p>\n<p style=\"text-align: center;\"><strong><em>Marcos Galv\u00e3o e Bel do Chiclete<\/em><\/strong><\/p>\n<p>Em 2012 o Brega Light, festa junina realizada em Ibicu\u00ed, traz como grande atra\u00e7\u00e3o a banda Chiclete com Banana, tocando pela primeira vez no S\u00e3o Jo\u00e3o do Sul da Bahia. O evento est\u00e1 indo para a sua 11\u00aa edi\u00e7\u00e3o e ser\u00e1 realizado no dia 22 de junho.<strong> <\/strong><\/p>\n<p>O Brega Light j\u00e1 virou tradi\u00e7\u00e3o nos festejos juninos da Bahia e a cada ano atrai milhares de foli\u00f5es vindos de todo o\u00a0Brasil. Ao longo dos 10 anos a festa j\u00e1 recebeu atra\u00e7\u00f5es como: Tomate, Cavaleiros do Forr\u00f3, Psirico, Parangol\u00e9, MC Sap\u00e3o, Trio da Huanna, entre outros.<\/p>\n<p><strong> <\/strong><\/p>\n<p>Marcos Galv\u00e3o, produtor do Brega Light, lembra que a confirma\u00e7\u00e3o da banda Chiclete com Banana como grande atra\u00e7\u00e3o da festa ser\u00e1 um marco na hist\u00f3ria do S\u00e3o Jo\u00e3o de Ibicu\u00ed.<strong><\/strong><\/p>\n<p>\u201cO impacto em toda a regi\u00e3o vai ser grande, afinal, ser\u00e1 a primeira vez que Bell Marques se apresentar\u00e1 nos festejos juninos do Sul da Bahia. Em 2012 os Chicleteiros de todo o Brasil ter\u00e3o um novo destino no S\u00e3o Jo\u00e3o: o Brega Light em Ibicu\u00ed\u201d, disse. Pol\u00edticos do Sul da Bahia<strong><\/strong><\/p>\n","protected":false},"excerpt":{"rendered":"<p>Marcos Galv\u00e3o e Bel do Chiclete Em 2012 o Brega Light, festa junina realizada em Ibicu\u00ed, traz como grande atra\u00e7\u00e3o a banda Chiclete com Banana, tocando pela primeira vez no S\u00e3o Jo\u00e3o do Sul da Bahia. O evento est\u00e1 indo para a sua 11\u00aa edi\u00e7\u00e3o e ser\u00e1 realizado no dia 22 de junho. O Brega [&hellip;]<\/p>\n","protected":false},"author":2,"featured_media":0,"comment_status":"open","ping_status":"open","sticky":false,"template":"","format":"standard","meta":{"footnotes":"","_links_to":"","_links_to_target":""},"categories":[1],"tags":[],"class_list":["post-10431","post","type-post","status-publish","format-standard","hentry","category-geral"],"views":1230,"_links":{"self":[{"href":"https:\/\/www.sudoestehoje.com.br\/novoportal\/wp-json\/wp\/v2\/posts\/10431","targetHints":{"allow":["GET"]}}],"collection":[{"href":"https:\/\/www.sudoestehoje.com.br\/novoportal\/wp-json\/wp\/v2\/posts"}],"about":[{"href":"https:\/\/www.sudoestehoje.com.br\/novoportal\/wp-json\/wp\/v2\/types\/post"}],"author":[{"embeddable":true,"href":"https:\/\/www.sudoestehoje.com.br\/novoportal\/wp-json\/wp\/v2\/users\/2"}],"replies":[{"embeddable":true,"href":"https:\/\/www.sudoestehoje.com.br\/novoportal\/wp-json\/wp\/v2\/comments?post=10431"}],"version-history":[{"count":3,"href":"https:\/\/www.sudoestehoje.com.br\/novoportal\/wp-json\/wp\/v2\/posts\/10431\/revisions"}],"predecessor-version":[{"id":10434,"href":"https:\/\/www.sudoestehoje.com.br\/novoportal\/wp-json\/wp\/v2\/posts\/10431\/revisions\/10434"}],"wp:attachment":[{"href":"https:\/\/www.sudoestehoje.com.br\/novoportal\/wp-json\/wp\/v2\/media?parent=10431"}],"wp:term":[{"taxonomy":"category","embeddable":true,"href":"https:\/\/www.sudoestehoje.com.br\/novoportal\/wp-json\/wp\/v2\/categories?post=10431"},{"taxonomy":"post_tag","embeddable":true,"href":"https:\/\/www.sudoestehoje.com.br\/novoportal\/wp-json\/wp\/v2\/tags?post=10431"}],"curies":[{"name":"wp","href":"https:\/\/api.w.org\/{rel}","templated":true}]}}