
{"id":104309,"date":"2022-08-22T19:20:16","date_gmt":"2022-08-22T22:20:16","guid":{"rendered":"https:\/\/www.sudoestehoje.com.br\/novoportal\/?p=104309"},"modified":"2022-08-22T19:28:19","modified_gmt":"2022-08-22T22:28:19","slug":"economia-mercado-preve-queda-da-inflacao-e-aumento-do-pib-no-brasil","status":"publish","type":"post","link":"https:\/\/www.sudoestehoje.com.br\/novoportal\/2022\/08\/22\/economia-mercado-preve-queda-da-inflacao-e-aumento-do-pib-no-brasil\/","title":{"rendered":"ECONOMIA | MERCADO PREV\u00ca QUEDA DA INFLA\u00c7\u00c3O E AUMENTO DO PIB NO BRASIL"},"content":{"rendered":"<p><a href=\"https:\/\/www.sudoestehoje.com.br\/novoportal\/wp-content\/uploads\/2022\/08\/carrinho-de-supermercado-cheio-foto-sapao.jpg\"><img loading=\"lazy\" decoding=\"async\" class=\"aligncenter size-medium wp-image-104310\" src=\"https:\/\/www.sudoestehoje.com.br\/novoportal\/wp-content\/uploads\/2022\/08\/carrinho-de-supermercado-cheio-foto-sapao-500x263.jpg\" alt=\"\" width=\"500\" height=\"263\" srcset=\"https:\/\/www.sudoestehoje.com.br\/novoportal\/wp-content\/uploads\/2022\/08\/carrinho-de-supermercado-cheio-foto-sapao-500x263.jpg 500w, https:\/\/www.sudoestehoje.com.br\/novoportal\/wp-content\/uploads\/2022\/08\/carrinho-de-supermercado-cheio-foto-sapao-700x368.jpg 700w, https:\/\/www.sudoestehoje.com.br\/novoportal\/wp-content\/uploads\/2022\/08\/carrinho-de-supermercado-cheio-foto-sapao-768x403.jpg 768w, https:\/\/www.sudoestehoje.com.br\/novoportal\/wp-content\/uploads\/2022\/08\/carrinho-de-supermercado-cheio-foto-sapao.jpg 800w\" sizes=\"auto, (max-width: 500px) 100vw, 500px\" \/><\/a><\/p>\n<p>A recupera\u00e7\u00e3o econ\u00f4mica no Brasil parece ser motivo de consenso entre as institui\u00e7\u00f5es do mercado financeiro. A proje\u00e7\u00e3o do setor para a infla\u00e7\u00e3o este ano caiu pela 8\u00aa vez consecutiva, de acordo com um boletim divulgado nesta segunda-feira (22) pelo Banco Central (BC).<\/p>\n<p>A proje\u00e7\u00e3o para o \u00cdndice Nacional de Pre\u00e7os ao Consumidor Amplo (IPCA), considerado a infla\u00e7\u00e3o oficial do pa\u00eds, caiu de 7,02% para 6,82%, em uma semana. H\u00e1 quatro semanas, as expectativas eram de um IPCA em 7,3% em 2022.<\/p>\n<p>O Boletim Focus \u00e9 uma publica\u00e7\u00e3o semanal que re\u00fane a proje\u00e7\u00e3o de cerca de 100 institui\u00e7\u00f5es do mercado financeiro para os principais indicadores econ\u00f4micos do pa\u00eds.<\/p>\n<p>A expectativa de infla\u00e7\u00e3o para 2023 tamb\u00e9m caiu: de 5,38% projetados h\u00e1 uma semana para 5,33%. Para 2024 e 2025, as proje\u00e7\u00f5es de infla\u00e7\u00e3o mant\u00eam-se em 3,41% e 3%, respectivamente.<\/p>\n","protected":false},"excerpt":{"rendered":"<p>A recupera\u00e7\u00e3o econ\u00f4mica no Brasil parece ser motivo de consenso entre as institui\u00e7\u00f5es do mercado financeiro. A proje\u00e7\u00e3o do setor para a infla\u00e7\u00e3o este ano caiu pela 8\u00aa vez consecutiva, de acordo com um boletim divulgado nesta segunda-feira (22) pelo Banco Central (BC). A proje\u00e7\u00e3o para o \u00cdndice Nacional de Pre\u00e7os ao Consumidor Amplo (IPCA), [&hellip;]<\/p>\n","protected":false},"author":2,"featured_media":104310,"comment_status":"open","ping_status":"open","sticky":false,"template":"","format":"standard","meta":{"footnotes":"","_links_to":"","_links_to_target":""},"categories":[1],"tags":[],"class_list":["post-104309","post","type-post","status-publish","format-standard","has-post-thumbnail","hentry","category-geral"],"views":683,"_links":{"self":[{"href":"https:\/\/www.sudoestehoje.com.br\/novoportal\/wp-json\/wp\/v2\/posts\/104309","targetHints":{"allow":["GET"]}}],"collection":[{"href":"https:\/\/www.sudoestehoje.com.br\/novoportal\/wp-json\/wp\/v2\/posts"}],"about":[{"href":"https:\/\/www.sudoestehoje.com.br\/novoportal\/wp-json\/wp\/v2\/types\/post"}],"author":[{"embeddable":true,"href":"https:\/\/www.sudoestehoje.com.br\/novoportal\/wp-json\/wp\/v2\/users\/2"}],"replies":[{"embeddable":true,"href":"https:\/\/www.sudoestehoje.com.br\/novoportal\/wp-json\/wp\/v2\/comments?post=104309"}],"version-history":[{"count":3,"href":"https:\/\/www.sudoestehoje.com.br\/novoportal\/wp-json\/wp\/v2\/posts\/104309\/revisions"}],"predecessor-version":[{"id":104313,"href":"https:\/\/www.sudoestehoje.com.br\/novoportal\/wp-json\/wp\/v2\/posts\/104309\/revisions\/104313"}],"wp:featuredmedia":[{"embeddable":true,"href":"https:\/\/www.sudoestehoje.com.br\/novoportal\/wp-json\/wp\/v2\/media\/104310"}],"wp:attachment":[{"href":"https:\/\/www.sudoestehoje.com.br\/novoportal\/wp-json\/wp\/v2\/media?parent=104309"}],"wp:term":[{"taxonomy":"category","embeddable":true,"href":"https:\/\/www.sudoestehoje.com.br\/novoportal\/wp-json\/wp\/v2\/categories?post=104309"},{"taxonomy":"post_tag","embeddable":true,"href":"https:\/\/www.sudoestehoje.com.br\/novoportal\/wp-json\/wp\/v2\/tags?post=104309"}],"curies":[{"name":"wp","href":"https:\/\/api.w.org\/{rel}","templated":true}]}}