
{"id":104298,"date":"2022-08-22T17:17:46","date_gmt":"2022-08-22T20:17:46","guid":{"rendered":"https:\/\/www.sudoestehoje.com.br\/novoportal\/?p=104298"},"modified":"2022-08-22T17:17:46","modified_gmt":"2022-08-22T20:17:46","slug":"menino-que-caiu-em-um-buraco-morre-apos-18-horas-de-resgate-em-minas-gerais","status":"publish","type":"post","link":"https:\/\/www.sudoestehoje.com.br\/novoportal\/2022\/08\/22\/menino-que-caiu-em-um-buraco-morre-apos-18-horas-de-resgate-em-minas-gerais\/","title":{"rendered":"MENINO QUE CAIU EM UM BURACO MORRE AP\u00d3S 18 HORAS DE RESGATE EM MINAS GERAIS"},"content":{"rendered":"<p><a href=\"https:\/\/www.sudoestehoje.com.br\/novoportal\/wp-content\/uploads\/2022\/08\/resgate-carmo-do-paranaiba-22082022100341607.jpeg\"><img loading=\"lazy\" decoding=\"async\" class=\"aligncenter size-medium wp-image-104299\" src=\"https:\/\/www.sudoestehoje.com.br\/novoportal\/wp-content\/uploads\/2022\/08\/resgate-carmo-do-paranaiba-22082022100341607-500x272.jpeg\" alt=\"\" width=\"500\" height=\"272\" srcset=\"https:\/\/www.sudoestehoje.com.br\/novoportal\/wp-content\/uploads\/2022\/08\/resgate-carmo-do-paranaiba-22082022100341607-500x272.jpeg 500w, https:\/\/www.sudoestehoje.com.br\/novoportal\/wp-content\/uploads\/2022\/08\/resgate-carmo-do-paranaiba-22082022100341607-700x381.jpeg 700w, https:\/\/www.sudoestehoje.com.br\/novoportal\/wp-content\/uploads\/2022\/08\/resgate-carmo-do-paranaiba-22082022100341607-768x418.jpeg 768w, https:\/\/www.sudoestehoje.com.br\/novoportal\/wp-content\/uploads\/2022\/08\/resgate-carmo-do-paranaiba-22082022100341607.jpeg 771w\" sizes=\"auto, (max-width: 500px) 100vw, 500px\" \/><\/a><\/p>\n<p>O menino Pedro Augusto Ferreira Alves, de 8 anos, n\u00e3o resistiu e morreu ap\u00f3s\u00a0<a href=\"https:\/\/www.metropoles.com\/brasil\/crianca-cai-em-buraco-em-minas-gerais-e-resgate-ja-passa-de-15-horas\" target=\"_blank\" rel=\"noopener noreferrer\">cair em um buraco de oito metros<\/a>, onde ficou preso por aproximadamente 18 horas, em Carmo do Parana\u00edba (MG). O \u00f3bito foi confirmado pelo Corpo de Bombeiros, na manh\u00e3 desta segunda-feira (22).<\/p>\n<p>Segundo a corpora\u00e7\u00e3o, o garotinho teve suspeita de parada cardiorrespirat\u00f3ria e foi imediatamente colocado em uma ambul\u00e2ncia, mas morreu a caminho do hospital.<\/p>\n<p>Os socorristas informaram que a crian\u00e7a se encontrava com rebaixamento do n\u00edvel de consci\u00eancia quando foi retirada do buraco. Ele disse para a m\u00e3e que ia brincar com uma prima quando caiu no buraco.<\/p>\n","protected":false},"excerpt":{"rendered":"<p>O menino Pedro Augusto Ferreira Alves, de 8 anos, n\u00e3o resistiu e morreu ap\u00f3s\u00a0cair em um buraco de oito metros, onde ficou preso por aproximadamente 18 horas, em Carmo do Parana\u00edba (MG). O \u00f3bito foi confirmado pelo Corpo de Bombeiros, na manh\u00e3 desta segunda-feira (22). Segundo a corpora\u00e7\u00e3o, o garotinho teve suspeita de parada cardiorrespirat\u00f3ria [&hellip;]<\/p>\n","protected":false},"author":2,"featured_media":104299,"comment_status":"open","ping_status":"open","sticky":false,"template":"","format":"standard","meta":{"footnotes":"","_links_to":"","_links_to_target":""},"categories":[1],"tags":[],"class_list":["post-104298","post","type-post","status-publish","format-standard","has-post-thumbnail","hentry","category-geral"],"views":769,"_links":{"self":[{"href":"https:\/\/www.sudoestehoje.com.br\/novoportal\/wp-json\/wp\/v2\/posts\/104298","targetHints":{"allow":["GET"]}}],"collection":[{"href":"https:\/\/www.sudoestehoje.com.br\/novoportal\/wp-json\/wp\/v2\/posts"}],"about":[{"href":"https:\/\/www.sudoestehoje.com.br\/novoportal\/wp-json\/wp\/v2\/types\/post"}],"author":[{"embeddable":true,"href":"https:\/\/www.sudoestehoje.com.br\/novoportal\/wp-json\/wp\/v2\/users\/2"}],"replies":[{"embeddable":true,"href":"https:\/\/www.sudoestehoje.com.br\/novoportal\/wp-json\/wp\/v2\/comments?post=104298"}],"version-history":[{"count":3,"href":"https:\/\/www.sudoestehoje.com.br\/novoportal\/wp-json\/wp\/v2\/posts\/104298\/revisions"}],"predecessor-version":[{"id":104302,"href":"https:\/\/www.sudoestehoje.com.br\/novoportal\/wp-json\/wp\/v2\/posts\/104298\/revisions\/104302"}],"wp:featuredmedia":[{"embeddable":true,"href":"https:\/\/www.sudoestehoje.com.br\/novoportal\/wp-json\/wp\/v2\/media\/104299"}],"wp:attachment":[{"href":"https:\/\/www.sudoestehoje.com.br\/novoportal\/wp-json\/wp\/v2\/media?parent=104298"}],"wp:term":[{"taxonomy":"category","embeddable":true,"href":"https:\/\/www.sudoestehoje.com.br\/novoportal\/wp-json\/wp\/v2\/categories?post=104298"},{"taxonomy":"post_tag","embeddable":true,"href":"https:\/\/www.sudoestehoje.com.br\/novoportal\/wp-json\/wp\/v2\/tags?post=104298"}],"curies":[{"name":"wp","href":"https:\/\/api.w.org\/{rel}","templated":true}]}}