
{"id":104290,"date":"2022-08-22T09:30:29","date_gmt":"2022-08-22T12:30:29","guid":{"rendered":"https:\/\/www.sudoestehoje.com.br\/novoportal\/?p=104290"},"modified":"2022-08-22T10:50:47","modified_gmt":"2022-08-22T13:50:47","slug":"joao-roma-confirma-agenda-de-bolsonaro-em-conquista-no-proximo-sabado","status":"publish","type":"post","link":"https:\/\/www.sudoestehoje.com.br\/novoportal\/2022\/08\/22\/joao-roma-confirma-agenda-de-bolsonaro-em-conquista-no-proximo-sabado\/","title":{"rendered":"JO\u00c3O ROMA CONFIRMA AGENDA DE BOLSONARO EM CONQUISTA NO PR\u00d3XIMO S\u00c1BADO"},"content":{"rendered":"<div id=\"attachment_104293\" style=\"width: 510px\" class=\"wp-caption aligncenter\"><a href=\"https:\/\/www.sudoestehoje.com.br\/novoportal\/wp-content\/uploads\/2022\/08\/48357778211_0285d38ac4_o-scaled.jpg\"><img loading=\"lazy\" decoding=\"async\" aria-describedby=\"caption-attachment-104293\" class=\"size-medium wp-image-104293\" src=\"https:\/\/www.sudoestehoje.com.br\/novoportal\/wp-content\/uploads\/2022\/08\/48357778211_0285d38ac4_o-500x333.jpg\" alt=\"\" width=\"500\" height=\"333\" srcset=\"https:\/\/www.sudoestehoje.com.br\/novoportal\/wp-content\/uploads\/2022\/08\/48357778211_0285d38ac4_o-500x333.jpg 500w, https:\/\/www.sudoestehoje.com.br\/novoportal\/wp-content\/uploads\/2022\/08\/48357778211_0285d38ac4_o-700x467.jpg 700w, https:\/\/www.sudoestehoje.com.br\/novoportal\/wp-content\/uploads\/2022\/08\/48357778211_0285d38ac4_o-768x512.jpg 768w, https:\/\/www.sudoestehoje.com.br\/novoportal\/wp-content\/uploads\/2022\/08\/48357778211_0285d38ac4_o-1536x1024.jpg 1536w, https:\/\/www.sudoestehoje.com.br\/novoportal\/wp-content\/uploads\/2022\/08\/48357778211_0285d38ac4_o-2048x1365.jpg 2048w\" sizes=\"auto, (max-width: 500px) 100vw, 500px\" \/><\/a><p id=\"caption-attachment-104293\" class=\"wp-caption-text\">O presidente Jair Bolsonaro e o ex-prefeito de Vit\u00f3ria da Conquista, Herzem Gusm\u00e3o Pereira, durante cerim\u00f4nia de inaugura\u00e7\u00e3o do Aeroporto Glauber Rocha.<\/p><\/div>\n<p>Candidato a governador da Bahia pelo PL, o deputado federal e ex-ministro da Cidadania Jo\u00e3o Roma confirmou uma agenda com o presidente Jair Bolsonaro (PL), no pr\u00f3ximo s\u00e1bado (27), em Vit\u00f3ria da Conquista, no sudoeste do estado.<\/p>\n<p>\u201cAproveito a oportunidade para convidar a todos que possam para, no pr\u00f3ximo s\u00e1bado pela manh\u00e3, l\u00e1 em Vit\u00f3ria da Conquista, receber o nosso presidente Bolsonaro e fazer um bonito evento para cada vez mais colocarmos a Bahia de m\u00e3os dadas com o Brasil\u201d, disse Roma, em entrevista \u00e0 R\u00e1dio Povo FM, de Jequi\u00e9.<\/p>\n<p>Ainda durante participa\u00e7\u00e3o na r\u00e1dio, ao ser questionado a respeito de mudan\u00e7as propostas para o caso de eleito, ele destacou a \u00e1rea do emprego e atacou o uso pol\u00edtico de cargos, que em sua avalia\u00e7\u00e3o prejudicam a competitividade. \u201cO que falta hoje na Bahia \u00e9 justamente essa vis\u00e3o mais moderna e profissional para colocar as pessoas que realmente possam responder por esses servi\u00e7os b\u00e1sicos para popula\u00e7\u00e3o\u201d, afirmou o candidato, defendendo a indica\u00e7\u00e3o de cargos t\u00e9cnicos para gerir o estado e comparou com a administra\u00e7\u00e3o de Bolsonaro.<\/p>\n<p>Na entrevista, Jo\u00e3o Roma destacou ainda a necessidade de pol\u00edticas p\u00fablicas voltadas para os produtores rurais, sobretudo no \u00e2mbito da seguran\u00e7a. \u201cO crime se instalou por todo lado da Bahia e tamb\u00e9m na zona rural, que antes era sin\u00f4nimo de paz e tranquilidade\u201d, disse o candidato, que tamb\u00e9m lamentou a incurs\u00e3o dos jovens no tr\u00e1fico de drogas. \u201cAlgu\u00e9m precisa avisar ao governador que isso n\u00e3o \u00e9 emprego, mas descaminho para a nossa juventude\u201d, provocou o candidato.<\/p>\n","protected":false},"excerpt":{"rendered":"<p>Candidato a governador da Bahia pelo PL, o deputado federal e ex-ministro da Cidadania Jo\u00e3o Roma confirmou uma agenda com o presidente Jair Bolsonaro (PL), no pr\u00f3ximo s\u00e1bado (27), em Vit\u00f3ria da Conquista, no sudoeste do estado. \u201cAproveito a oportunidade para convidar a todos que possam para, no pr\u00f3ximo s\u00e1bado pela manh\u00e3, l\u00e1 em Vit\u00f3ria [&hellip;]<\/p>\n","protected":false},"author":2,"featured_media":104293,"comment_status":"open","ping_status":"open","sticky":false,"template":"","format":"standard","meta":{"footnotes":"","_links_to":"","_links_to_target":""},"categories":[1],"tags":[],"class_list":["post-104290","post","type-post","status-publish","format-standard","has-post-thumbnail","hentry","category-geral"],"views":774,"_links":{"self":[{"href":"https:\/\/www.sudoestehoje.com.br\/novoportal\/wp-json\/wp\/v2\/posts\/104290","targetHints":{"allow":["GET"]}}],"collection":[{"href":"https:\/\/www.sudoestehoje.com.br\/novoportal\/wp-json\/wp\/v2\/posts"}],"about":[{"href":"https:\/\/www.sudoestehoje.com.br\/novoportal\/wp-json\/wp\/v2\/types\/post"}],"author":[{"embeddable":true,"href":"https:\/\/www.sudoestehoje.com.br\/novoportal\/wp-json\/wp\/v2\/users\/2"}],"replies":[{"embeddable":true,"href":"https:\/\/www.sudoestehoje.com.br\/novoportal\/wp-json\/wp\/v2\/comments?post=104290"}],"version-history":[{"count":4,"href":"https:\/\/www.sudoestehoje.com.br\/novoportal\/wp-json\/wp\/v2\/posts\/104290\/revisions"}],"predecessor-version":[{"id":104295,"href":"https:\/\/www.sudoestehoje.com.br\/novoportal\/wp-json\/wp\/v2\/posts\/104290\/revisions\/104295"}],"wp:featuredmedia":[{"embeddable":true,"href":"https:\/\/www.sudoestehoje.com.br\/novoportal\/wp-json\/wp\/v2\/media\/104293"}],"wp:attachment":[{"href":"https:\/\/www.sudoestehoje.com.br\/novoportal\/wp-json\/wp\/v2\/media?parent=104290"}],"wp:term":[{"taxonomy":"category","embeddable":true,"href":"https:\/\/www.sudoestehoje.com.br\/novoportal\/wp-json\/wp\/v2\/categories?post=104290"},{"taxonomy":"post_tag","embeddable":true,"href":"https:\/\/www.sudoestehoje.com.br\/novoportal\/wp-json\/wp\/v2\/tags?post=104290"}],"curies":[{"name":"wp","href":"https:\/\/api.w.org\/{rel}","templated":true}]}}