
{"id":104284,"date":"2022-08-21T20:59:15","date_gmt":"2022-08-21T23:59:15","guid":{"rendered":"https:\/\/www.sudoestehoje.com.br\/novoportal\/?p=104284"},"modified":"2022-08-21T21:16:47","modified_gmt":"2022-08-22T00:16:47","slug":"acidente-entre-cacamba-e-carro-deixa-3-feridos-na-br-415-proximo-a-ilheus","status":"publish","type":"post","link":"https:\/\/www.sudoestehoje.com.br\/novoportal\/2022\/08\/21\/acidente-entre-cacamba-e-carro-deixa-3-feridos-na-br-415-proximo-a-ilheus\/","title":{"rendered":"ACIDENTE ENTRE CA\u00c7AMBA E CARRO DEIXA 1 MORTO NA BR-415, PR\u00d3XIMO A ILH\u00c9US"},"content":{"rendered":"<p><a href=\"https:\/\/www.sudoestehoje.com.br\/novoportal\/wp-content\/uploads\/2022\/08\/Acidente-1000x530-1.jpg\"><img loading=\"lazy\" decoding=\"async\" class=\"aligncenter size-medium wp-image-104286\" src=\"https:\/\/www.sudoestehoje.com.br\/novoportal\/wp-content\/uploads\/2022\/08\/Acidente-1000x530-1-500x265.jpg\" alt=\"\" width=\"500\" height=\"265\" srcset=\"https:\/\/www.sudoestehoje.com.br\/novoportal\/wp-content\/uploads\/2022\/08\/Acidente-1000x530-1-500x265.jpg 500w, https:\/\/www.sudoestehoje.com.br\/novoportal\/wp-content\/uploads\/2022\/08\/Acidente-1000x530-1-700x371.jpg 700w, https:\/\/www.sudoestehoje.com.br\/novoportal\/wp-content\/uploads\/2022\/08\/Acidente-1000x530-1-768x407.jpg 768w, https:\/\/www.sudoestehoje.com.br\/novoportal\/wp-content\/uploads\/2022\/08\/Acidente-1000x530-1.jpg 1000w\" sizes=\"auto, (max-width: 500px) 100vw, 500px\" \/><\/a><\/p>\n<p>Um acidente ocorrido na manh\u00e3 deste domingo (21) envolvendo um carro e uma ca\u00e7amba deixou 1 morto e 2 feridos\u00a0 na BR-415, altura de Ilh\u00e9us, no sul da Bahia.<\/p>\n<p>De acordo com a Pol\u00edcia Rodovi\u00e1ria Federal (PRF), a ca\u00e7amba e o carro bateram de frente.\u00a0 Duas pessoas que estavam no carro tiveram les\u00f5es graves. O ve\u00edculo ficou totalmente destru\u00eddo.<\/p>\n<p>J\u00e1 o motorista da ca\u00e7amba teve ferimentos leves. Ap\u00f3s a batida, a ca\u00e7amba foi parar em uma \u00e1rea de vegeta\u00e7\u00e3o no acostamento da rodovia.<\/p>\n<p>Ainda n\u00e3o h\u00e1 detalhes das causas do acidente. O Corpo de Bombeiros tamb\u00e9m esteve no local e precisou usar equipamentos de desencarceramento para retirar as v\u00edtimas do ve\u00edculo menor.<\/p>\n<p>A PRF informou que as v\u00edtimas que estavam no carro foram socorridas pelo Samu e levadas para o Hospital Costa do Cacau, tamb\u00e9m em Ilh\u00e9us. N\u00e3o h\u00e1 detalhes do estado de sa\u00fade delas.<\/p>\n","protected":false},"excerpt":{"rendered":"<p>Um acidente ocorrido na manh\u00e3 deste domingo (21) envolvendo um carro e uma ca\u00e7amba deixou 1 morto e 2 feridos\u00a0 na BR-415, altura de Ilh\u00e9us, no sul da Bahia. De acordo com a Pol\u00edcia Rodovi\u00e1ria Federal (PRF), a ca\u00e7amba e o carro bateram de frente.\u00a0 Duas pessoas que estavam no carro tiveram les\u00f5es graves. O [&hellip;]<\/p>\n","protected":false},"author":2,"featured_media":104286,"comment_status":"open","ping_status":"open","sticky":false,"template":"","format":"standard","meta":{"footnotes":"","_links_to":"","_links_to_target":""},"categories":[1],"tags":[],"class_list":["post-104284","post","type-post","status-publish","format-standard","has-post-thumbnail","hentry","category-geral"],"views":1518,"_links":{"self":[{"href":"https:\/\/www.sudoestehoje.com.br\/novoportal\/wp-json\/wp\/v2\/posts\/104284","targetHints":{"allow":["GET"]}}],"collection":[{"href":"https:\/\/www.sudoestehoje.com.br\/novoportal\/wp-json\/wp\/v2\/posts"}],"about":[{"href":"https:\/\/www.sudoestehoje.com.br\/novoportal\/wp-json\/wp\/v2\/types\/post"}],"author":[{"embeddable":true,"href":"https:\/\/www.sudoestehoje.com.br\/novoportal\/wp-json\/wp\/v2\/users\/2"}],"replies":[{"embeddable":true,"href":"https:\/\/www.sudoestehoje.com.br\/novoportal\/wp-json\/wp\/v2\/comments?post=104284"}],"version-history":[{"count":4,"href":"https:\/\/www.sudoestehoje.com.br\/novoportal\/wp-json\/wp\/v2\/posts\/104284\/revisions"}],"predecessor-version":[{"id":104289,"href":"https:\/\/www.sudoestehoje.com.br\/novoportal\/wp-json\/wp\/v2\/posts\/104284\/revisions\/104289"}],"wp:featuredmedia":[{"embeddable":true,"href":"https:\/\/www.sudoestehoje.com.br\/novoportal\/wp-json\/wp\/v2\/media\/104286"}],"wp:attachment":[{"href":"https:\/\/www.sudoestehoje.com.br\/novoportal\/wp-json\/wp\/v2\/media?parent=104284"}],"wp:term":[{"taxonomy":"category","embeddable":true,"href":"https:\/\/www.sudoestehoje.com.br\/novoportal\/wp-json\/wp\/v2\/categories?post=104284"},{"taxonomy":"post_tag","embeddable":true,"href":"https:\/\/www.sudoestehoje.com.br\/novoportal\/wp-json\/wp\/v2\/tags?post=104284"}],"curies":[{"name":"wp","href":"https:\/\/api.w.org\/{rel}","templated":true}]}}