
{"id":104265,"date":"2022-08-19T11:01:06","date_gmt":"2022-08-19T14:01:06","guid":{"rendered":"https:\/\/www.sudoestehoje.com.br\/novoportal\/?p=104265"},"modified":"2022-08-19T11:01:06","modified_gmt":"2022-08-19T14:01:06","slug":"carnaval-de-salvador-continua-no-circuito-barra-ondina-diz-prefeito","status":"publish","type":"post","link":"https:\/\/www.sudoestehoje.com.br\/novoportal\/2022\/08\/19\/carnaval-de-salvador-continua-no-circuito-barra-ondina-diz-prefeito\/","title":{"rendered":"CARNAVAL DE SALVADOR CONTINUA NO CIRCUITO BARRA ONDINA, DIZ PREFEITO"},"content":{"rendered":"<p><a href=\"https:\/\/www.sudoestehoje.com.br\/novoportal\/wp-content\/uploads\/2022\/08\/csm_csm_Carnaval_Barra_-_Marina_Silva_266813e4a8_ad0ab97d21.jpg\"><img loading=\"lazy\" decoding=\"async\" class=\"aligncenter size-medium wp-image-104266\" src=\"https:\/\/www.sudoestehoje.com.br\/novoportal\/wp-content\/uploads\/2022\/08\/csm_csm_Carnaval_Barra_-_Marina_Silva_266813e4a8_ad0ab97d21-500x301.jpg\" alt=\"\" width=\"500\" height=\"301\" srcset=\"https:\/\/www.sudoestehoje.com.br\/novoportal\/wp-content\/uploads\/2022\/08\/csm_csm_Carnaval_Barra_-_Marina_Silva_266813e4a8_ad0ab97d21-500x301.jpg 500w, https:\/\/www.sudoestehoje.com.br\/novoportal\/wp-content\/uploads\/2022\/08\/csm_csm_Carnaval_Barra_-_Marina_Silva_266813e4a8_ad0ab97d21-700x421.jpg 700w, https:\/\/www.sudoestehoje.com.br\/novoportal\/wp-content\/uploads\/2022\/08\/csm_csm_Carnaval_Barra_-_Marina_Silva_266813e4a8_ad0ab97d21-768x462.jpg 768w, https:\/\/www.sudoestehoje.com.br\/novoportal\/wp-content\/uploads\/2022\/08\/csm_csm_Carnaval_Barra_-_Marina_Silva_266813e4a8_ad0ab97d21.jpg 940w\" sizes=\"auto, (max-width: 500px) 100vw, 500px\" \/><\/a><\/p>\n<p>N\u00e3o haver\u00e1 mudan\u00e7a nos circuitos do Carnaval em 2023. A informa\u00e7\u00e3o foi divulgada pelo prefeito Bruno Reis, nesta sexta-feira (19). Com o an\u00fancio, fica confirmado que n\u00e3o haver\u00e1 mudan\u00e7a do circuito Barra-Ondina para a Boca do Rio.<\/p>\n<p>Nesta quinta-feira (18), o prefeito recebeu do Conselho Municipal do Carnaval a proposta de implanta\u00e7\u00e3o de um novo circuito, situado na orla atl\u00e2ntica da capital baiana, para o Carnaval de Salvador em 2023. A a\u00e7\u00e3o ocorreu no Pal\u00e1cio Thom\u00e9 de Souza e contou com as presen\u00e7as de representantes da entidade, al\u00e9m do presidente da Empresa Salvador Turismo (Saltur), Isaac Edington.<\/p>\n<p>O prefeito explicou que n\u00e3o haveria tempo h\u00e1bil para analisar todo o projeto entregue pelo Conselho. &#8220;Ao conversar com nossa equipe ontem, diante da magnitude do projeto e an\u00e1lise que precisa ser feita, n\u00e3o h\u00e1 como dar uma posi\u00e7\u00e3o se \u00e9 vi\u00e1vel e se d\u00e1 para colocar todos os servi\u00e7os: sa\u00fade, seguran\u00e7a, toda estrutura montada pela Saltur, sem uma an\u00e1lise mais profunda. Por mais que corr\u00eassemos, n\u00e3o tinha como dar uma resposta com seguran\u00e7a em menos de um m\u00eas&#8221;, explicou.<\/p>\n<p>Bruno disse ainda que conversou com setores envolvidos na festa antes de tomar a decis\u00e3o. &#8220;Diante de minha conversa com diversos setores, eles diziam que j\u00e1 comercializavam seus pacotes para o circuito Barra-Ondina, os camarotes e blocos que est\u00e3o comercializando seus produtos para a Barra, eu estou anunciando nesta manh\u00e3 que o carnaval no circuito Barra-Ondina est\u00e1 mantido&#8221;, anunciou o prefeito.<\/p>\n","protected":false},"excerpt":{"rendered":"<p>N\u00e3o haver\u00e1 mudan\u00e7a nos circuitos do Carnaval em 2023. A informa\u00e7\u00e3o foi divulgada pelo prefeito Bruno Reis, nesta sexta-feira (19). Com o an\u00fancio, fica confirmado que n\u00e3o haver\u00e1 mudan\u00e7a do circuito Barra-Ondina para a Boca do Rio. Nesta quinta-feira (18), o prefeito recebeu do Conselho Municipal do Carnaval a proposta de implanta\u00e7\u00e3o de um novo [&hellip;]<\/p>\n","protected":false},"author":2,"featured_media":104266,"comment_status":"open","ping_status":"open","sticky":false,"template":"","format":"standard","meta":{"footnotes":"","_links_to":"","_links_to_target":""},"categories":[1],"tags":[],"class_list":["post-104265","post","type-post","status-publish","format-standard","has-post-thumbnail","hentry","category-geral"],"views":793,"_links":{"self":[{"href":"https:\/\/www.sudoestehoje.com.br\/novoportal\/wp-json\/wp\/v2\/posts\/104265","targetHints":{"allow":["GET"]}}],"collection":[{"href":"https:\/\/www.sudoestehoje.com.br\/novoportal\/wp-json\/wp\/v2\/posts"}],"about":[{"href":"https:\/\/www.sudoestehoje.com.br\/novoportal\/wp-json\/wp\/v2\/types\/post"}],"author":[{"embeddable":true,"href":"https:\/\/www.sudoestehoje.com.br\/novoportal\/wp-json\/wp\/v2\/users\/2"}],"replies":[{"embeddable":true,"href":"https:\/\/www.sudoestehoje.com.br\/novoportal\/wp-json\/wp\/v2\/comments?post=104265"}],"version-history":[{"count":2,"href":"https:\/\/www.sudoestehoje.com.br\/novoportal\/wp-json\/wp\/v2\/posts\/104265\/revisions"}],"predecessor-version":[{"id":104268,"href":"https:\/\/www.sudoestehoje.com.br\/novoportal\/wp-json\/wp\/v2\/posts\/104265\/revisions\/104268"}],"wp:featuredmedia":[{"embeddable":true,"href":"https:\/\/www.sudoestehoje.com.br\/novoportal\/wp-json\/wp\/v2\/media\/104266"}],"wp:attachment":[{"href":"https:\/\/www.sudoestehoje.com.br\/novoportal\/wp-json\/wp\/v2\/media?parent=104265"}],"wp:term":[{"taxonomy":"category","embeddable":true,"href":"https:\/\/www.sudoestehoje.com.br\/novoportal\/wp-json\/wp\/v2\/categories?post=104265"},{"taxonomy":"post_tag","embeddable":true,"href":"https:\/\/www.sudoestehoje.com.br\/novoportal\/wp-json\/wp\/v2\/tags?post=104265"}],"curies":[{"name":"wp","href":"https:\/\/api.w.org\/{rel}","templated":true}]}}