
{"id":104248,"date":"2022-08-19T10:30:55","date_gmt":"2022-08-19T13:30:55","guid":{"rendered":"https:\/\/www.sudoestehoje.com.br\/novoportal\/?p=104248"},"modified":"2022-08-19T10:45:22","modified_gmt":"2022-08-19T13:45:22","slug":"vereador-pastor-evandro-mostra-sua-forca-no-americo-nogueira-durante-visita-de-antonio-brito-e-rodrigo-hagge-ao-bairro","status":"publish","type":"post","link":"https:\/\/www.sudoestehoje.com.br\/novoportal\/2022\/08\/19\/vereador-pastor-evandro-mostra-sua-forca-no-americo-nogueira-durante-visita-de-antonio-brito-e-rodrigo-hagge-ao-bairro\/","title":{"rendered":"VEREADOR PASTOR EVANDRO MOSTRA SUA FOR\u00c7A NO AM\u00c9RICO NOGUEIRA DURANTE VISITA DE ANT\u00d4NIO BRITO E RODRIGO HAGGE AO BAIRRO"},"content":{"rendered":"<p><a href=\"https:\/\/www.sudoestehoje.com.br\/novoportal\/wp-content\/uploads\/2022\/08\/WhatsApp-Image-2022-08-19-at-10.17.42.jpeg\"><img loading=\"lazy\" decoding=\"async\" class=\"aligncenter size-medium wp-image-104252\" src=\"https:\/\/www.sudoestehoje.com.br\/novoportal\/wp-content\/uploads\/2022\/08\/WhatsApp-Image-2022-08-19-at-10.17.42-500x380.jpeg\" alt=\"\" width=\"500\" height=\"380\" srcset=\"https:\/\/www.sudoestehoje.com.br\/novoportal\/wp-content\/uploads\/2022\/08\/WhatsApp-Image-2022-08-19-at-10.17.42-500x380.jpeg 500w, https:\/\/www.sudoestehoje.com.br\/novoportal\/wp-content\/uploads\/2022\/08\/WhatsApp-Image-2022-08-19-at-10.17.42-700x532.jpeg 700w, https:\/\/www.sudoestehoje.com.br\/novoportal\/wp-content\/uploads\/2022\/08\/WhatsApp-Image-2022-08-19-at-10.17.42-768x584.jpeg 768w, https:\/\/www.sudoestehoje.com.br\/novoportal\/wp-content\/uploads\/2022\/08\/WhatsApp-Image-2022-08-19-at-10.17.42.jpeg 922w\" sizes=\"auto, (max-width: 500px) 100vw, 500px\" \/><\/a><\/p>\n<p>Durante uma caminhada pol\u00edtica do deputado federal Ant\u00f4nio Brito (PSD), ao lado do prefeito Rodrigo Hagge (MDB), ao bairro Am\u00e9rico Nogueira, na tarde desta quinta-feira (19), o vereador Pastor Evandro (PSD) mostrou toda a sua for\u00e7a junto \u00e0 popula\u00e7\u00e3o do bairro, mobilizando moradores e lideran\u00e7as na recep\u00e7\u00e3o aos pol\u00edticos que apoia para as pr\u00f3ximas elei\u00e7\u00f5es.<\/p>\n<p><a href=\"https:\/\/www.sudoestehoje.com.br\/novoportal\/wp-content\/uploads\/2022\/08\/WhatsApp-Image-2022-08-19-at-10.19.33.jpeg\"><img loading=\"lazy\" decoding=\"async\" class=\"aligncenter size-medium wp-image-104254\" src=\"https:\/\/www.sudoestehoje.com.br\/novoportal\/wp-content\/uploads\/2022\/08\/WhatsApp-Image-2022-08-19-at-10.19.33-500x292.jpeg\" alt=\"\" width=\"500\" height=\"292\" srcset=\"https:\/\/www.sudoestehoje.com.br\/novoportal\/wp-content\/uploads\/2022\/08\/WhatsApp-Image-2022-08-19-at-10.19.33-500x292.jpeg 500w, https:\/\/www.sudoestehoje.com.br\/novoportal\/wp-content\/uploads\/2022\/08\/WhatsApp-Image-2022-08-19-at-10.19.33-700x408.jpeg 700w, https:\/\/www.sudoestehoje.com.br\/novoportal\/wp-content\/uploads\/2022\/08\/WhatsApp-Image-2022-08-19-at-10.19.33-768x448.jpeg 768w, https:\/\/www.sudoestehoje.com.br\/novoportal\/wp-content\/uploads\/2022\/08\/WhatsApp-Image-2022-08-19-at-10.19.33-1536x896.jpeg 1536w, https:\/\/www.sudoestehoje.com.br\/novoportal\/wp-content\/uploads\/2022\/08\/WhatsApp-Image-2022-08-19-at-10.19.33.jpeg 1577w\" sizes=\"auto, (max-width: 500px) 100vw, 500px\" \/><\/a><\/p>\n<p>Pastor e l\u00edder de bairro, Evandro Souza Silva exerce uma forte lideran\u00e7a em uma comunidade muito carente, o bairro Am\u00e9rico Nogueira e adjacentes, mas vem mostrando muita capacidade na defesa dos seus princ\u00edpios religiosos e pol\u00edticos, com reconhecido destaque no legislativo municipal.<\/p>\n<p><a href=\"https:\/\/www.sudoestehoje.com.br\/novoportal\/wp-content\/uploads\/2022\/08\/WhatsApp-Image-2022-08-19-at-10.18.24.jpeg\"><img loading=\"lazy\" decoding=\"async\" class=\"aligncenter size-medium wp-image-104253\" src=\"https:\/\/www.sudoestehoje.com.br\/novoportal\/wp-content\/uploads\/2022\/08\/WhatsApp-Image-2022-08-19-at-10.18.24-500x394.jpeg\" alt=\"\" width=\"500\" height=\"394\" srcset=\"https:\/\/www.sudoestehoje.com.br\/novoportal\/wp-content\/uploads\/2022\/08\/WhatsApp-Image-2022-08-19-at-10.18.24-500x394.jpeg 500w, https:\/\/www.sudoestehoje.com.br\/novoportal\/wp-content\/uploads\/2022\/08\/WhatsApp-Image-2022-08-19-at-10.18.24-700x552.jpeg 700w, https:\/\/www.sudoestehoje.com.br\/novoportal\/wp-content\/uploads\/2022\/08\/WhatsApp-Image-2022-08-19-at-10.18.24-768x605.jpeg 768w, https:\/\/www.sudoestehoje.com.br\/novoportal\/wp-content\/uploads\/2022\/08\/WhatsApp-Image-2022-08-19-at-10.18.24.jpeg 920w\" sizes=\"auto, (max-width: 500px) 100vw, 500px\" \/><\/a><\/p>\n<p>Na movimenta\u00e7\u00e3o no bairro, nesta quinta, Ant\u00f4nio Brito e o prefeito Rodrigo Hagge foram bem recebidos e percorreram ruas, casas e estabelecimentos comerciais, ao lado do popular e prestigiado vereador e de outras lideran\u00e7as do munic\u00edpio, que tamb\u00e9m compareceram ao evento em apoio \u00e0s candidaturas de Ant\u00f4nio Brito para deputado federal e Pedro Tavares para estadual.<\/p>\n\n\t\t<style type=\"text\/css\">\n\t\t\t#gallery-1 {\n\t\t\t\tmargin: auto;\n\t\t\t}\n\t\t\t#gallery-1 .gallery-item {\n\t\t\t\tfloat: left;\n\t\t\t\tmargin-top: 10px;\n\t\t\t\ttext-align: center;\n\t\t\t\twidth: 33%;\n\t\t\t}\n\t\t\t#gallery-1 img {\n\t\t\t\tborder: 2px solid #cfcfcf;\n\t\t\t}\n\t\t\t#gallery-1 .gallery-caption {\n\t\t\t\tmargin-left: 0;\n\t\t\t}\n\t\t\t\/* see gallery_shortcode() in wp-includes\/media.php *\/\n\t\t<\/style>\n\t\t<div id='gallery-1' class='gallery galleryid-104248 gallery-columns-3 gallery-size-thumbnail'><dl class='gallery-item'>\n\t\t\t<dt class='gallery-icon landscape'>\n\t\t\t\t<a href='https:\/\/www.sudoestehoje.com.br\/novoportal\/2022\/08\/19\/vereador-pastor-evandro-mostra-sua-forca-no-americo-nogueira-durante-visita-de-antonio-brito-e-rodrigo-hagge-ao-bairro\/whatsapp-image-2022-08-19-at-10-22-35\/'><img loading=\"lazy\" decoding=\"async\" width=\"150\" height=\"150\" src=\"https:\/\/www.sudoestehoje.com.br\/novoportal\/wp-content\/uploads\/2022\/08\/WhatsApp-Image-2022-08-19-at-10.22.35-150x150.jpeg\" class=\"attachment-thumbnail size-thumbnail\" alt=\"\" \/><\/a>\n\t\t\t<\/dt><\/dl><dl class='gallery-item'>\n\t\t\t<dt class='gallery-icon landscape'>\n\t\t\t\t<a href='https:\/\/www.sudoestehoje.com.br\/novoportal\/2022\/08\/19\/vereador-pastor-evandro-mostra-sua-forca-no-americo-nogueira-durante-visita-de-antonio-brito-e-rodrigo-hagge-ao-bairro\/whatsapp-image-2022-08-19-at-10-21-32\/'><img loading=\"lazy\" decoding=\"async\" width=\"150\" height=\"150\" src=\"https:\/\/www.sudoestehoje.com.br\/novoportal\/wp-content\/uploads\/2022\/08\/WhatsApp-Image-2022-08-19-at-10.21.32-150x150.jpeg\" class=\"attachment-thumbnail size-thumbnail\" alt=\"\" \/><\/a>\n\t\t\t<\/dt><\/dl><dl class='gallery-item'>\n\t\t\t<dt class='gallery-icon landscape'>\n\t\t\t\t<a href='https:\/\/www.sudoestehoje.com.br\/novoportal\/2022\/08\/19\/vereador-pastor-evandro-mostra-sua-forca-no-americo-nogueira-durante-visita-de-antonio-brito-e-rodrigo-hagge-ao-bairro\/whatsapp-image-2022-08-19-at-10-20-27\/'><img loading=\"lazy\" decoding=\"async\" width=\"150\" height=\"150\" src=\"https:\/\/www.sudoestehoje.com.br\/novoportal\/wp-content\/uploads\/2022\/08\/WhatsApp-Image-2022-08-19-at-10.20.27-150x150.jpeg\" class=\"attachment-thumbnail size-thumbnail\" alt=\"\" \/><\/a>\n\t\t\t<\/dt><\/dl><br style=\"clear: both\" \/><dl class='gallery-item'>\n\t\t\t<dt class='gallery-icon landscape'>\n\t\t\t\t<a href='https:\/\/www.sudoestehoje.com.br\/novoportal\/2022\/08\/19\/vereador-pastor-evandro-mostra-sua-forca-no-americo-nogueira-durante-visita-de-antonio-brito-e-rodrigo-hagge-ao-bairro\/whatsapp-image-2022-08-19-at-10-19-52\/'><img loading=\"lazy\" decoding=\"async\" width=\"150\" height=\"150\" src=\"https:\/\/www.sudoestehoje.com.br\/novoportal\/wp-content\/uploads\/2022\/08\/WhatsApp-Image-2022-08-19-at-10.19.52-150x150.jpeg\" class=\"attachment-thumbnail size-thumbnail\" alt=\"\" \/><\/a>\n\t\t\t<\/dt><\/dl><dl class='gallery-item'>\n\t\t\t<dt class='gallery-icon landscape'>\n\t\t\t\t<a href='https:\/\/www.sudoestehoje.com.br\/novoportal\/2022\/08\/19\/vereador-pastor-evandro-mostra-sua-forca-no-americo-nogueira-durante-visita-de-antonio-brito-e-rodrigo-hagge-ao-bairro\/whatsapp-image-2022-08-19-at-10-16-51\/'><img loading=\"lazy\" decoding=\"async\" width=\"150\" height=\"150\" src=\"https:\/\/www.sudoestehoje.com.br\/novoportal\/wp-content\/uploads\/2022\/08\/WhatsApp-Image-2022-08-19-at-10.16.51-150x150.jpeg\" class=\"attachment-thumbnail size-thumbnail\" alt=\"\" \/><\/a>\n\t\t\t<\/dt><\/dl><dl class='gallery-item'>\n\t\t\t<dt class='gallery-icon landscape'>\n\t\t\t\t<a href='https:\/\/www.sudoestehoje.com.br\/novoportal\/2022\/08\/19\/vereador-pastor-evandro-mostra-sua-forca-no-americo-nogueira-durante-visita-de-antonio-brito-e-rodrigo-hagge-ao-bairro\/whatsapp-image-2022-08-19-at-10-15-45\/'><img loading=\"lazy\" decoding=\"async\" width=\"150\" height=\"150\" src=\"https:\/\/www.sudoestehoje.com.br\/novoportal\/wp-content\/uploads\/2022\/08\/WhatsApp-Image-2022-08-19-at-10.15.45-150x150.jpeg\" class=\"attachment-thumbnail size-thumbnail\" alt=\"\" \/><\/a>\n\t\t\t<\/dt><\/dl><br style=\"clear: both\" \/>\n\t\t<\/div>\n\n<p><strong><em>Por Davi Ferraz\u00a0<\/em><\/strong><\/p>\n","protected":false},"excerpt":{"rendered":"<p>Durante uma caminhada pol\u00edtica do deputado federal Ant\u00f4nio Brito (PSD), ao lado do prefeito Rodrigo Hagge (MDB), ao bairro Am\u00e9rico Nogueira, na tarde desta quinta-feira (19), o vereador Pastor Evandro (PSD) mostrou toda a sua for\u00e7a junto \u00e0 popula\u00e7\u00e3o do bairro, mobilizando moradores e lideran\u00e7as na recep\u00e7\u00e3o aos pol\u00edticos que apoia para as pr\u00f3ximas elei\u00e7\u00f5es. [&hellip;]<\/p>\n","protected":false},"author":2,"featured_media":104252,"comment_status":"open","ping_status":"open","sticky":false,"template":"","format":"standard","meta":{"footnotes":"","_links_to":"","_links_to_target":""},"categories":[1],"tags":[],"class_list":["post-104248","post","type-post","status-publish","format-standard","has-post-thumbnail","hentry","category-geral"],"views":817,"_links":{"self":[{"href":"https:\/\/www.sudoestehoje.com.br\/novoportal\/wp-json\/wp\/v2\/posts\/104248","targetHints":{"allow":["GET"]}}],"collection":[{"href":"https:\/\/www.sudoestehoje.com.br\/novoportal\/wp-json\/wp\/v2\/posts"}],"about":[{"href":"https:\/\/www.sudoestehoje.com.br\/novoportal\/wp-json\/wp\/v2\/types\/post"}],"author":[{"embeddable":true,"href":"https:\/\/www.sudoestehoje.com.br\/novoportal\/wp-json\/wp\/v2\/users\/2"}],"replies":[{"embeddable":true,"href":"https:\/\/www.sudoestehoje.com.br\/novoportal\/wp-json\/wp\/v2\/comments?post=104248"}],"version-history":[{"count":5,"href":"https:\/\/www.sudoestehoje.com.br\/novoportal\/wp-json\/wp\/v2\/posts\/104248\/revisions"}],"predecessor-version":[{"id":104264,"href":"https:\/\/www.sudoestehoje.com.br\/novoportal\/wp-json\/wp\/v2\/posts\/104248\/revisions\/104264"}],"wp:featuredmedia":[{"embeddable":true,"href":"https:\/\/www.sudoestehoje.com.br\/novoportal\/wp-json\/wp\/v2\/media\/104252"}],"wp:attachment":[{"href":"https:\/\/www.sudoestehoje.com.br\/novoportal\/wp-json\/wp\/v2\/media?parent=104248"}],"wp:term":[{"taxonomy":"category","embeddable":true,"href":"https:\/\/www.sudoestehoje.com.br\/novoportal\/wp-json\/wp\/v2\/categories?post=104248"},{"taxonomy":"post_tag","embeddable":true,"href":"https:\/\/www.sudoestehoje.com.br\/novoportal\/wp-json\/wp\/v2\/tags?post=104248"}],"curies":[{"name":"wp","href":"https:\/\/api.w.org\/{rel}","templated":true}]}}