
{"id":104243,"date":"2022-08-18T18:52:52","date_gmt":"2022-08-18T21:52:52","guid":{"rendered":"https:\/\/www.sudoestehoje.com.br\/novoportal\/?p=104243"},"modified":"2022-08-19T00:42:05","modified_gmt":"2022-08-19T03:42:05","slug":"itapetinga-a-loja-maconica-amor-e-uniao-comemora-o-dia-do-macon","status":"publish","type":"post","link":"https:\/\/www.sudoestehoje.com.br\/novoportal\/2022\/08\/18\/itapetinga-a-loja-maconica-amor-e-uniao-comemora-o-dia-do-macon\/","title":{"rendered":"ITAPETINGA: A LOJA MA\u00c7\u00d4NICA AMOR E UNI\u00c3O COMEMORA O &#8216;DIA DO MA\u00c7OM&#8217;"},"content":{"rendered":"<p><a href=\"https:\/\/www.sudoestehoje.com.br\/novoportal\/wp-content\/uploads\/2022\/08\/A-55-1.jpg\"><img loading=\"lazy\" decoding=\"async\" class=\"aligncenter size-medium wp-image-104245\" src=\"https:\/\/www.sudoestehoje.com.br\/novoportal\/wp-content\/uploads\/2022\/08\/A-55-1-500x500.jpg\" alt=\"\" width=\"500\" height=\"500\" srcset=\"https:\/\/www.sudoestehoje.com.br\/novoportal\/wp-content\/uploads\/2022\/08\/A-55-1-500x500.jpg 500w, https:\/\/www.sudoestehoje.com.br\/novoportal\/wp-content\/uploads\/2022\/08\/A-55-1-150x150.jpg 150w, https:\/\/www.sudoestehoje.com.br\/novoportal\/wp-content\/uploads\/2022\/08\/A-55-1.jpg 600w\" sizes=\"auto, (max-width: 500px) 100vw, 500px\" \/><\/a><\/p>\n<p>Anualmente encontramos no dia 20 de agosto um momento simb\u00f3lico, especial no calend\u00e1rio brasileiro, dedicado a comemorarmos no nosso pa\u00eds o Dia do Ma\u00e7om. Inevitavelmente, n\u00f3s ma\u00e7ons da Loja Amor e Uni\u00e3o Itapetinguense, aproveitamos a oportunidade para congratular a todos que, de forma direta ou indireta, trabalham diariamente pela busca do autoconhecimento e seu consequente aperfei\u00e7oamento moral e intelectual, contribuindo para a consolida\u00e7\u00e3o da liberdade e, portanto, para a constru\u00e7\u00e3o de uma sociedade mais justa e perfeita, onde todo e qualquer convencimento seja alcan\u00e7ado pela observa\u00e7\u00e3o da verdade, exemplificada n\u00e3o apenas por discursos, mas principalmente pelas a\u00e7\u00f5es praticadas.<\/p>\n<p>Historicamente a ma\u00e7onaria, como a conhecemos atualmente, se estruturou na Europa a partir do s\u00e9culo XVIII. Desde ent\u00e3o a institui\u00e7\u00e3o se expandiu, ganhando contexto, atua\u00e7\u00e3o e reconhecimento mundial. Especificamente no Brasil, as primeiras lojas ma\u00e7\u00f4nicas datam do final do s\u00e9culo XIX e in\u00edcio do s\u00e9culo XX. Os ma\u00e7ons em geral, e os brasileiros em particular, t\u00eam participado ativamente da defesa e consolida\u00e7\u00e3o de uma na\u00e7\u00e3o livre, democr\u00e1tica e soberana. Foi exatamente neste contexto de participa\u00e7\u00e3o ativa em nosso pa\u00eds que a data de 20 de agosto foi escolhida para comemorarmos o Dia do Ma\u00e7om. A escolha guarda rela\u00e7\u00e3o com uma sess\u00e3o hist\u00f3rica entre as Lojas ma\u00e7\u00f4nicas \u201cCom\u00e9rcio e Artes\u201d e \u201cUni\u00e3o e Tranquilidade\u201d, na cidade do Rio de Janeiro, onde Joaquim Gon\u00e7alves Ledo (jornalista e pol\u00edtico brasileiro) proferiu um discurso emocionante e inspirador, clamando e exaltando a urg\u00eancia da Independ\u00eancia do Brasil ainda em 1822. Mesmo que existam entre os historiadores diverg\u00eancias quanto a data exata da realiza\u00e7\u00e3o da referida reuni\u00e3o, a data consolidou-se como um registro hist\u00f3rico\/simb\u00f3lico dessa importante atua\u00e7\u00e3o institucional da ma\u00e7onaria pela Independ\u00eancia do Brasil.<\/p>\n<p>Portanto, \u00e9 mantendo a tradi\u00e7\u00e3o e seguindo firme nos prop\u00f3sitos de valoriza\u00e7\u00e3o da Liberdade, Igualdade e Fraternidade que a fam\u00edlia ma\u00e7\u00f4nica brasileira em geral, e os ma\u00e7ons de nossa cidade em particular, seguem firme no est\u00edmulo para que cada brasileiro se envolva proativamente em a\u00e7\u00f5es de fortalecimento da democracia, da justi\u00e7a e da caridade, repelindo a viol\u00eancia e toda atitude, especialmente dos governantes e\/ou dirigentes, que n\u00e3o representem a devida e necess\u00e1ria aten\u00e7\u00e3o aos clamores da sociedade, cujo \u00fanico objetivo deve ser o fortalecimento de um Brasil fraterno, justo e igualit\u00e1rio.<\/p>\n<p>Por fim, resta-nos na oportunidade, mais uma vez, saudar, parabenizar e estimular todos os homens de bem que, ao exercitar a cidadania, cumprem suas fun\u00e7\u00f5es de verdadeiros Construtores Sociais.<\/p>\n<p>Loja Ma\u00e7\u00f4nica Amor e Uni\u00e3o Itapetinguense, N\u00b061 \u2013 GLEB<\/p>\n","protected":false},"excerpt":{"rendered":"<p>Anualmente encontramos no dia 20 de agosto um momento simb\u00f3lico, especial no calend\u00e1rio brasileiro, dedicado a comemorarmos no nosso pa\u00eds o Dia do Ma\u00e7om. Inevitavelmente, n\u00f3s ma\u00e7ons da Loja Amor e Uni\u00e3o Itapetinguense, aproveitamos a oportunidade para congratular a todos que, de forma direta ou indireta, trabalham diariamente pela busca do autoconhecimento e seu consequente [&hellip;]<\/p>\n","protected":false},"author":2,"featured_media":104245,"comment_status":"open","ping_status":"open","sticky":false,"template":"","format":"standard","meta":{"footnotes":"","_links_to":"","_links_to_target":""},"categories":[1],"tags":[],"class_list":["post-104243","post","type-post","status-publish","format-standard","has-post-thumbnail","hentry","category-geral"],"views":1259,"_links":{"self":[{"href":"https:\/\/www.sudoestehoje.com.br\/novoportal\/wp-json\/wp\/v2\/posts\/104243","targetHints":{"allow":["GET"]}}],"collection":[{"href":"https:\/\/www.sudoestehoje.com.br\/novoportal\/wp-json\/wp\/v2\/posts"}],"about":[{"href":"https:\/\/www.sudoestehoje.com.br\/novoportal\/wp-json\/wp\/v2\/types\/post"}],"author":[{"embeddable":true,"href":"https:\/\/www.sudoestehoje.com.br\/novoportal\/wp-json\/wp\/v2\/users\/2"}],"replies":[{"embeddable":true,"href":"https:\/\/www.sudoestehoje.com.br\/novoportal\/wp-json\/wp\/v2\/comments?post=104243"}],"version-history":[{"count":2,"href":"https:\/\/www.sudoestehoje.com.br\/novoportal\/wp-json\/wp\/v2\/posts\/104243\/revisions"}],"predecessor-version":[{"id":104247,"href":"https:\/\/www.sudoestehoje.com.br\/novoportal\/wp-json\/wp\/v2\/posts\/104243\/revisions\/104247"}],"wp:featuredmedia":[{"embeddable":true,"href":"https:\/\/www.sudoestehoje.com.br\/novoportal\/wp-json\/wp\/v2\/media\/104245"}],"wp:attachment":[{"href":"https:\/\/www.sudoestehoje.com.br\/novoportal\/wp-json\/wp\/v2\/media?parent=104243"}],"wp:term":[{"taxonomy":"category","embeddable":true,"href":"https:\/\/www.sudoestehoje.com.br\/novoportal\/wp-json\/wp\/v2\/categories?post=104243"},{"taxonomy":"post_tag","embeddable":true,"href":"https:\/\/www.sudoestehoje.com.br\/novoportal\/wp-json\/wp\/v2\/tags?post=104243"}],"curies":[{"name":"wp","href":"https:\/\/api.w.org\/{rel}","templated":true}]}}