
{"id":104238,"date":"2022-08-18T18:38:40","date_gmt":"2022-08-18T21:38:40","guid":{"rendered":"https:\/\/www.sudoestehoje.com.br\/novoportal\/?p=104238"},"modified":"2022-08-18T18:38:40","modified_gmt":"2022-08-18T21:38:40","slug":"bloco-da-irmandade-anima-a-festa-em-bandeira-do-colonia-neste-fim-de-semana","status":"publish","type":"post","link":"https:\/\/www.sudoestehoje.com.br\/novoportal\/2022\/08\/18\/bloco-da-irmandade-anima-a-festa-em-bandeira-do-colonia-neste-fim-de-semana\/","title":{"rendered":"BLOCO DA IRMANDADE ANIMA A FESTA EM BANDEIRA DO COL\u00d4NIA NESTE FIM DE SEMANA"},"content":{"rendered":"<p><a href=\"https:\/\/www.sudoestehoje.com.br\/novoportal\/wp-content\/uploads\/2022\/08\/WhatsApp-Image-2022-08-17-at-11.40.03.jpeg\"><img loading=\"lazy\" decoding=\"async\" class=\"aligncenter size-medium wp-image-104240\" src=\"https:\/\/www.sudoestehoje.com.br\/novoportal\/wp-content\/uploads\/2022\/08\/WhatsApp-Image-2022-08-17-at-11.40.03-497x700.jpeg\" alt=\"\" width=\"497\" height=\"700\" srcset=\"https:\/\/www.sudoestehoje.com.br\/novoportal\/wp-content\/uploads\/2022\/08\/WhatsApp-Image-2022-08-17-at-11.40.03-497x700.jpeg 497w, https:\/\/www.sudoestehoje.com.br\/novoportal\/wp-content\/uploads\/2022\/08\/WhatsApp-Image-2022-08-17-at-11.40.03-638x900.jpeg 638w, https:\/\/www.sudoestehoje.com.br\/novoportal\/wp-content\/uploads\/2022\/08\/WhatsApp-Image-2022-08-17-at-11.40.03-768x1083.jpeg 768w, https:\/\/www.sudoestehoje.com.br\/novoportal\/wp-content\/uploads\/2022\/08\/WhatsApp-Image-2022-08-17-at-11.40.03.jpeg 908w\" sizes=\"auto, (max-width: 497px) 100vw, 497px\" \/><\/a><\/p>\n<p>O Bloco Irmandade \u00e9 um bloco de rua tradicional de Itoror\u00f3 e Bandeira do Col\u00f4nia, que este ano ir\u00e1 realizar mais uma edi\u00e7\u00e3o no distrito.<\/p>\n<p>A festa \u00e9 <em>open bar<\/em> e ter\u00e1 o churrasco da famosa <em>carne de sol de Itoror\u00f3 <\/em>e ser\u00e1 realizada neste s\u00e1bado (20)\u00a0 com concentra\u00e7\u00e3o no distrito de Bandeira do Col\u00f4nia.<\/p>\n<p>A prefeitura de Itapetinga deu total apoio ao evento e ao bloco, que iniciou com um grupo de amigos e hoje j\u00e1 est\u00e1 tomando propor\u00e7\u00f5es maiores na regi\u00e3o.<\/p>\n<p>Vai ser um fest\u00e3o!!!!!<\/p>\n<p><em><strong>Por Davi Ferraz<\/strong><\/em><\/p>\n","protected":false},"excerpt":{"rendered":"<p>O Bloco Irmandade \u00e9 um bloco de rua tradicional de Itoror\u00f3 e Bandeira do Col\u00f4nia, que este ano ir\u00e1 realizar mais uma edi\u00e7\u00e3o no distrito. A festa \u00e9 open bar e ter\u00e1 o churrasco da famosa carne de sol de Itoror\u00f3 e ser\u00e1 realizada neste s\u00e1bado (20)\u00a0 com concentra\u00e7\u00e3o no distrito de Bandeira do Col\u00f4nia. [&hellip;]<\/p>\n","protected":false},"author":2,"featured_media":104240,"comment_status":"open","ping_status":"open","sticky":false,"template":"","format":"standard","meta":{"footnotes":"","_links_to":"","_links_to_target":""},"categories":[1],"tags":[],"class_list":["post-104238","post","type-post","status-publish","format-standard","has-post-thumbnail","hentry","category-geral"],"views":814,"_links":{"self":[{"href":"https:\/\/www.sudoestehoje.com.br\/novoportal\/wp-json\/wp\/v2\/posts\/104238","targetHints":{"allow":["GET"]}}],"collection":[{"href":"https:\/\/www.sudoestehoje.com.br\/novoportal\/wp-json\/wp\/v2\/posts"}],"about":[{"href":"https:\/\/www.sudoestehoje.com.br\/novoportal\/wp-json\/wp\/v2\/types\/post"}],"author":[{"embeddable":true,"href":"https:\/\/www.sudoestehoje.com.br\/novoportal\/wp-json\/wp\/v2\/users\/2"}],"replies":[{"embeddable":true,"href":"https:\/\/www.sudoestehoje.com.br\/novoportal\/wp-json\/wp\/v2\/comments?post=104238"}],"version-history":[{"count":3,"href":"https:\/\/www.sudoestehoje.com.br\/novoportal\/wp-json\/wp\/v2\/posts\/104238\/revisions"}],"predecessor-version":[{"id":104242,"href":"https:\/\/www.sudoestehoje.com.br\/novoportal\/wp-json\/wp\/v2\/posts\/104238\/revisions\/104242"}],"wp:featuredmedia":[{"embeddable":true,"href":"https:\/\/www.sudoestehoje.com.br\/novoportal\/wp-json\/wp\/v2\/media\/104240"}],"wp:attachment":[{"href":"https:\/\/www.sudoestehoje.com.br\/novoportal\/wp-json\/wp\/v2\/media?parent=104238"}],"wp:term":[{"taxonomy":"category","embeddable":true,"href":"https:\/\/www.sudoestehoje.com.br\/novoportal\/wp-json\/wp\/v2\/categories?post=104238"},{"taxonomy":"post_tag","embeddable":true,"href":"https:\/\/www.sudoestehoje.com.br\/novoportal\/wp-json\/wp\/v2\/tags?post=104238"}],"curies":[{"name":"wp","href":"https:\/\/api.w.org\/{rel}","templated":true}]}}