
{"id":104226,"date":"2022-08-18T18:19:28","date_gmt":"2022-08-18T21:19:28","guid":{"rendered":"https:\/\/www.sudoestehoje.com.br\/novoportal\/?p=104226"},"modified":"2022-08-18T18:26:14","modified_gmt":"2022-08-18T21:26:14","slug":"itapetinga-tiquinho-e-romildo-perdem-o-comado-do-pdt-para-gustavo-e-juraci-nunes","status":"publish","type":"post","link":"https:\/\/www.sudoestehoje.com.br\/novoportal\/2022\/08\/18\/itapetinga-tiquinho-e-romildo-perdem-o-comado-do-pdt-para-gustavo-e-juraci-nunes\/","title":{"rendered":"ITAPETINGA: TIQUINHO E ROMILDO PERDEM O COMANDO DO PDT PARA GUSTAVO E JURACI NUNES"},"content":{"rendered":"<p><a href=\"https:\/\/www.sudoestehoje.com.br\/novoportal\/wp-content\/uploads\/2022\/08\/EVENTO-PDT-04-768x576-1.jpeg\"><img loading=\"lazy\" decoding=\"async\" class=\"aligncenter size-medium wp-image-104230\" src=\"https:\/\/www.sudoestehoje.com.br\/novoportal\/wp-content\/uploads\/2022\/08\/EVENTO-PDT-04-768x576-1-500x341.jpeg\" alt=\"\" width=\"500\" height=\"341\" srcset=\"https:\/\/www.sudoestehoje.com.br\/novoportal\/wp-content\/uploads\/2022\/08\/EVENTO-PDT-04-768x576-1-500x341.jpeg 500w, https:\/\/www.sudoestehoje.com.br\/novoportal\/wp-content\/uploads\/2022\/08\/EVENTO-PDT-04-768x576-1.jpeg 506w\" sizes=\"auto, (max-width: 500px) 100vw, 500px\" \/><\/a><\/p>\n<p>Atrav\u00e9s de um breve comunicado gravado em v\u00eddeo e divulgado nas redes sociais, nesta quinta-feira (18), o deputado federal Felix Mendon\u00e7a, presidente do PDT na Bahia, anunciou que o comando do partido em Itapetinga ser\u00e1 entregue ao secret\u00e1rio municipal da infraestrutura Gustavo David e que passar\u00e1 a integrar a base do governo Rodrigo Hagge (MDB).<\/p>\n<p>Felix tamb\u00e9m anunciou a filia\u00e7\u00e3o do vereador Juscelino Gomes, do ex-vereador Juraci Nunes e do ex-diretor do SAAE Alex Dutra, o conhecido &#8216;Lek\u00e3o&#8217;, que dever\u00e3o compor a nova Executiva Provis\u00f3ria do PDT em Itapetinga.<\/p>\n<p><a href=\"https:\/\/www.sudoestehoje.com.br\/novoportal\/wp-content\/uploads\/2022\/08\/IMAGEM_NOTICIA_9.jpg\"><img loading=\"lazy\" decoding=\"async\" class=\"aligncenter size-medium wp-image-104236\" src=\"https:\/\/www.sudoestehoje.com.br\/novoportal\/wp-content\/uploads\/2022\/08\/IMAGEM_NOTICIA_9-500x263.jpg\" alt=\"\" width=\"500\" height=\"263\" srcset=\"https:\/\/www.sudoestehoje.com.br\/novoportal\/wp-content\/uploads\/2022\/08\/IMAGEM_NOTICIA_9-500x263.jpg 500w, https:\/\/www.sudoestehoje.com.br\/novoportal\/wp-content\/uploads\/2022\/08\/IMAGEM_NOTICIA_9-700x368.jpg 700w, https:\/\/www.sudoestehoje.com.br\/novoportal\/wp-content\/uploads\/2022\/08\/IMAGEM_NOTICIA_9-768x403.jpg 768w, https:\/\/www.sudoestehoje.com.br\/novoportal\/wp-content\/uploads\/2022\/08\/IMAGEM_NOTICIA_9.jpg 1200w\" sizes=\"auto, (max-width: 500px) 100vw, 500px\" \/><\/a><\/p>\n<p>Com a nova composi\u00e7\u00e3o a n\u00edvel municipal, ficar\u00e3o fora do comando do partido em Itapetinga os vereadores Tiquinho Nogueira Valdeir Chagas, que comp\u00f5em a oposi\u00e7\u00e3o ao prefeito Rodrigo Hagge na C\u00e2mara Municipal, sem falar do ex-vereador Romildo Teixeira, inimigo n\u00ba 1 do governo municipal, que j\u00e1 se elegeu in\u00fameras vezes pelo PDT.<\/p>\n<p>A nova situa\u00e7\u00e3o traz uma enorme dificuldade para Tiquinho e Valdeir, j\u00e1 que seus mandatos pertencem ao partido e que, de acordo com a Lei da Fidelidade Partid\u00e1ria, poder\u00e3o perder seus mandatos se migrarem para outra legenda.<\/p>\n<p><em>&#8220;Se correrem o bicho pega, se ficarem o bicho come&#8221;<\/em>, j\u00e1 dizia o velho ditado. <strong><em>Confira v\u00eddeo:<\/em><\/strong><\/p>\n<div style=\"width: 720px;\" class=\"wp-video\"><!--[if lt IE 9]><script>document.createElement('video');<\/script><![endif]-->\n<video class=\"wp-video-shortcode\" id=\"video-104226-1\" width=\"720\" height=\"1280\" preload=\"metadata\" controls=\"controls\"><source type=\"video\/mp4\" src=\"https:\/\/www.sudoestehoje.com.br\/novoportal\/wp-content\/uploads\/2022\/08\/WhatsApp-Video-2022-08-18-at-14.00.26.mp4?_=1\" \/><a href=\"https:\/\/www.sudoestehoje.com.br\/novoportal\/wp-content\/uploads\/2022\/08\/WhatsApp-Video-2022-08-18-at-14.00.26.mp4\">https:\/\/www.sudoestehoje.com.br\/novoportal\/wp-content\/uploads\/2022\/08\/WhatsApp-Video-2022-08-18-at-14.00.26.mp4<\/a><\/video><\/div>\n<p><strong><em>Por Davi Ferraz<\/em><\/strong><\/p>\n","protected":false},"excerpt":{"rendered":"<p>Atrav\u00e9s de um breve comunicado gravado em v\u00eddeo e divulgado nas redes sociais, nesta quinta-feira (18), o deputado federal Felix Mendon\u00e7a, presidente do PDT na Bahia, anunciou que o comando do partido em Itapetinga ser\u00e1 entregue ao secret\u00e1rio municipal da infraestrutura Gustavo David e que passar\u00e1 a integrar a base do governo Rodrigo Hagge (MDB). [&hellip;]<\/p>\n","protected":false},"author":2,"featured_media":104230,"comment_status":"open","ping_status":"open","sticky":false,"template":"","format":"standard","meta":{"footnotes":"","_links_to":"","_links_to_target":""},"categories":[1],"tags":[],"class_list":["post-104226","post","type-post","status-publish","format-standard","has-post-thumbnail","hentry","category-geral"],"views":976,"_links":{"self":[{"href":"https:\/\/www.sudoestehoje.com.br\/novoportal\/wp-json\/wp\/v2\/posts\/104226","targetHints":{"allow":["GET"]}}],"collection":[{"href":"https:\/\/www.sudoestehoje.com.br\/novoportal\/wp-json\/wp\/v2\/posts"}],"about":[{"href":"https:\/\/www.sudoestehoje.com.br\/novoportal\/wp-json\/wp\/v2\/types\/post"}],"author":[{"embeddable":true,"href":"https:\/\/www.sudoestehoje.com.br\/novoportal\/wp-json\/wp\/v2\/users\/2"}],"replies":[{"embeddable":true,"href":"https:\/\/www.sudoestehoje.com.br\/novoportal\/wp-json\/wp\/v2\/comments?post=104226"}],"version-history":[{"count":7,"href":"https:\/\/www.sudoestehoje.com.br\/novoportal\/wp-json\/wp\/v2\/posts\/104226\/revisions"}],"predecessor-version":[{"id":104237,"href":"https:\/\/www.sudoestehoje.com.br\/novoportal\/wp-json\/wp\/v2\/posts\/104226\/revisions\/104237"}],"wp:featuredmedia":[{"embeddable":true,"href":"https:\/\/www.sudoestehoje.com.br\/novoportal\/wp-json\/wp\/v2\/media\/104230"}],"wp:attachment":[{"href":"https:\/\/www.sudoestehoje.com.br\/novoportal\/wp-json\/wp\/v2\/media?parent=104226"}],"wp:term":[{"taxonomy":"category","embeddable":true,"href":"https:\/\/www.sudoestehoje.com.br\/novoportal\/wp-json\/wp\/v2\/categories?post=104226"},{"taxonomy":"post_tag","embeddable":true,"href":"https:\/\/www.sudoestehoje.com.br\/novoportal\/wp-json\/wp\/v2\/tags?post=104226"}],"curies":[{"name":"wp","href":"https:\/\/api.w.org\/{rel}","templated":true}]}}