
{"id":104216,"date":"2022-08-17T21:32:37","date_gmt":"2022-08-18T00:32:37","guid":{"rendered":"https:\/\/www.sudoestehoje.com.br\/novoportal\/?p=104216"},"modified":"2022-08-17T21:39:12","modified_gmt":"2022-08-18T00:39:12","slug":"vereador-helder-ladeia-comemora-69-anos-de-bandeira-do-colonia-com-entrega-de-kits-alimentacao-a-familias-carentes","status":"publish","type":"post","link":"https:\/\/www.sudoestehoje.com.br\/novoportal\/2022\/08\/17\/vereador-helder-ladeia-comemora-69-anos-de-bandeira-do-colonia-com-entrega-de-kits-alimentacao-a-familias-carentes\/","title":{"rendered":"VEREADOR HELDER LADEIA COMEMORA 69 ANOS DE BANDEIRA DO COL\u00d4NIA COM ENTREGA DE KITS ALIMENTA\u00c7\u00c3O A FAM\u00cdLIAS CARENTES"},"content":{"rendered":"<p><a href=\"https:\/\/www.sudoestehoje.com.br\/novoportal\/wp-content\/uploads\/2022\/08\/WhatsApp-Image-2022-08-17-at-17.59.16.jpeg\"><img loading=\"lazy\" decoding=\"async\" class=\"aligncenter size-medium wp-image-104221\" src=\"https:\/\/www.sudoestehoje.com.br\/novoportal\/wp-content\/uploads\/2022\/08\/WhatsApp-Image-2022-08-17-at-17.59.16-500x375.jpeg\" alt=\"\" width=\"500\" height=\"375\" srcset=\"https:\/\/www.sudoestehoje.com.br\/novoportal\/wp-content\/uploads\/2022\/08\/WhatsApp-Image-2022-08-17-at-17.59.16-500x375.jpeg 500w, https:\/\/www.sudoestehoje.com.br\/novoportal\/wp-content\/uploads\/2022\/08\/WhatsApp-Image-2022-08-17-at-17.59.16-700x525.jpeg 700w, https:\/\/www.sudoestehoje.com.br\/novoportal\/wp-content\/uploads\/2022\/08\/WhatsApp-Image-2022-08-17-at-17.59.16-768x576.jpeg 768w, https:\/\/www.sudoestehoje.com.br\/novoportal\/wp-content\/uploads\/2022\/08\/WhatsApp-Image-2022-08-17-at-17.59.16.jpeg 1280w\" sizes=\"auto, (max-width: 500px) 100vw, 500px\" \/><\/a><\/p>\n<p>Durante as comemora\u00e7\u00f5es do anivers\u00e1rio de 69 anos do Distrito de Bandeira do Col\u00f4nia, o atuante vereador Helder Ladeia, o &#8220;Helder de Bandeira&#8221;, realizou a entrega de 69 kits de alimentos para fam\u00edlias atingidas pela pandemia, mas que ainda continuam em dificuldades.<\/p>\n<p>Ao Sudoeste Hoje, Helder de Bandeira relatou que mesmo com a atua\u00e7\u00e3o permanente da prefeitura, muitas fam\u00edlias continuam com dificuldades de sustento alimentar, raz\u00e3o pela qual realizou a distribui\u00e7\u00e3o dos kts de g\u00eaneros aliment\u00edcios aos mais carentes.<a href=\"https:\/\/www.sudoestehoje.com.br\/novoportal\/wp-content\/uploads\/2022\/08\/WhatsApp-Image-2022-08-17-at-17.36.37.jpeg\"><img loading=\"lazy\" decoding=\"async\" class=\"aligncenter size-medium wp-image-104219\" src=\"https:\/\/www.sudoestehoje.com.br\/novoportal\/wp-content\/uploads\/2022\/08\/WhatsApp-Image-2022-08-17-at-17.36.37-500x667.jpeg\" alt=\"\" width=\"500\" height=\"667\" srcset=\"https:\/\/www.sudoestehoje.com.br\/novoportal\/wp-content\/uploads\/2022\/08\/WhatsApp-Image-2022-08-17-at-17.36.37-500x667.jpeg 500w, https:\/\/www.sudoestehoje.com.br\/novoportal\/wp-content\/uploads\/2022\/08\/WhatsApp-Image-2022-08-17-at-17.36.37-675x900.jpeg 675w, https:\/\/www.sudoestehoje.com.br\/novoportal\/wp-content\/uploads\/2022\/08\/WhatsApp-Image-2022-08-17-at-17.36.37-768x1024.jpeg 768w, https:\/\/www.sudoestehoje.com.br\/novoportal\/wp-content\/uploads\/2022\/08\/WhatsApp-Image-2022-08-17-at-17.36.37.jpeg 864w\" sizes=\"auto, (max-width: 500px) 100vw, 500px\" \/><\/a><\/p>\n<p>O Distrito de Bandeira do Col\u00f4nia foi criado em 1953, atrav\u00e9s de Decreto Municipal, mas a sua exist\u00eancia como povoado antecede \u00e0 emancipa\u00e7\u00e3o de Itapetinga, que ocorreu em 12 de dezembro de 1952.<\/p>\n<p><strong><em>Por Davi Ferraz<\/em><\/strong><\/p>\n","protected":false},"excerpt":{"rendered":"<p>Durante as comemora\u00e7\u00f5es do anivers\u00e1rio de 69 anos do Distrito de Bandeira do Col\u00f4nia, o atuante vereador Helder Ladeia, o &#8220;Helder de Bandeira&#8221;, realizou a entrega de 69 kits de alimentos para fam\u00edlias atingidas pela pandemia, mas que ainda continuam em dificuldades. Ao Sudoeste Hoje, Helder de Bandeira relatou que mesmo com a atua\u00e7\u00e3o permanente [&hellip;]<\/p>\n","protected":false},"author":2,"featured_media":104221,"comment_status":"open","ping_status":"open","sticky":false,"template":"","format":"standard","meta":{"footnotes":"","_links_to":"","_links_to_target":""},"categories":[1],"tags":[],"class_list":["post-104216","post","type-post","status-publish","format-standard","has-post-thumbnail","hentry","category-geral"],"views":992,"_links":{"self":[{"href":"https:\/\/www.sudoestehoje.com.br\/novoportal\/wp-json\/wp\/v2\/posts\/104216","targetHints":{"allow":["GET"]}}],"collection":[{"href":"https:\/\/www.sudoestehoje.com.br\/novoportal\/wp-json\/wp\/v2\/posts"}],"about":[{"href":"https:\/\/www.sudoestehoje.com.br\/novoportal\/wp-json\/wp\/v2\/types\/post"}],"author":[{"embeddable":true,"href":"https:\/\/www.sudoestehoje.com.br\/novoportal\/wp-json\/wp\/v2\/users\/2"}],"replies":[{"embeddable":true,"href":"https:\/\/www.sudoestehoje.com.br\/novoportal\/wp-json\/wp\/v2\/comments?post=104216"}],"version-history":[{"count":5,"href":"https:\/\/www.sudoestehoje.com.br\/novoportal\/wp-json\/wp\/v2\/posts\/104216\/revisions"}],"predecessor-version":[{"id":104224,"href":"https:\/\/www.sudoestehoje.com.br\/novoportal\/wp-json\/wp\/v2\/posts\/104216\/revisions\/104224"}],"wp:featuredmedia":[{"embeddable":true,"href":"https:\/\/www.sudoestehoje.com.br\/novoportal\/wp-json\/wp\/v2\/media\/104221"}],"wp:attachment":[{"href":"https:\/\/www.sudoestehoje.com.br\/novoportal\/wp-json\/wp\/v2\/media?parent=104216"}],"wp:term":[{"taxonomy":"category","embeddable":true,"href":"https:\/\/www.sudoestehoje.com.br\/novoportal\/wp-json\/wp\/v2\/categories?post=104216"},{"taxonomy":"post_tag","embeddable":true,"href":"https:\/\/www.sudoestehoje.com.br\/novoportal\/wp-json\/wp\/v2\/tags?post=104216"}],"curies":[{"name":"wp","href":"https:\/\/api.w.org\/{rel}","templated":true}]}}