
{"id":104202,"date":"2022-08-16T20:40:43","date_gmt":"2022-08-16T23:40:43","guid":{"rendered":"https:\/\/www.sudoestehoje.com.br\/novoportal\/?p=104202"},"modified":"2022-08-16T20:40:43","modified_gmt":"2022-08-16T23:40:43","slug":"itapetinga-loteamento-morada-do-parque-recebe-rede-de-energia-com-iluminacao","status":"publish","type":"post","link":"https:\/\/www.sudoestehoje.com.br\/novoportal\/2022\/08\/16\/itapetinga-loteamento-morada-do-parque-recebe-rede-de-energia-com-iluminacao\/","title":{"rendered":"ITAPETINGA | LOTEAMENTO MORADA DO PARQUE RECEBE REDE DE ENERGIA COM ILUMINA\u00c7\u00c3O"},"content":{"rendered":"<p><a href=\"https:\/\/www.sudoestehoje.com.br\/novoportal\/wp-content\/uploads\/2022\/08\/WhatsApp-Image-2022-08-16-at-20.36.15.jpeg\"><img loading=\"lazy\" decoding=\"async\" class=\"aligncenter size-medium wp-image-104207\" src=\"https:\/\/www.sudoestehoje.com.br\/novoportal\/wp-content\/uploads\/2022\/08\/WhatsApp-Image-2022-08-16-at-20.36.15-500x282.jpeg\" alt=\"\" width=\"500\" height=\"282\" srcset=\"https:\/\/www.sudoestehoje.com.br\/novoportal\/wp-content\/uploads\/2022\/08\/WhatsApp-Image-2022-08-16-at-20.36.15-500x282.jpeg 500w, https:\/\/www.sudoestehoje.com.br\/novoportal\/wp-content\/uploads\/2022\/08\/WhatsApp-Image-2022-08-16-at-20.36.15-700x394.jpeg 700w, https:\/\/www.sudoestehoje.com.br\/novoportal\/wp-content\/uploads\/2022\/08\/WhatsApp-Image-2022-08-16-at-20.36.15-768x432.jpeg 768w, https:\/\/www.sudoestehoje.com.br\/novoportal\/wp-content\/uploads\/2022\/08\/WhatsApp-Image-2022-08-16-at-20.36.15.jpeg 1156w\" sizes=\"auto, (max-width: 500px) 100vw, 500px\" \/><\/a><\/p>\n<p>Em nova etapa da sua implanta\u00e7\u00e3o, o Loteamento Morada do Parque, empreendimento da Via Urbanismo, acaba de receber a sua rede de energia el\u00e9trica com ilumina\u00e7\u00e3o em todas as vias, o que possibilita novas constru\u00e7\u00f5es e maior seguran\u00e7a e conforto aos seus futuros moradores.<\/p>\n<p>Em contato com o <em>Sudoeste Hoje<\/em>, o empreendedor Carlos Nain, diretor da Via Urbanismo, comemorou a execu\u00e7\u00e3o da nova etapa do loteamento, um dos mais estruturados da cidade.<em> &#8220;Energia el\u00e9trica instalada no Morada do Parque. Agora voc\u00ea pode fazer sua atividade f\u00edsica de rotina em hor\u00e1rio noturno no Loteamento que conta com espa\u00e7o e localiza\u00e7\u00e3o excelentes&#8221;,<\/em> disse Nain.<\/p>\n<p><a href=\"https:\/\/www.sudoestehoje.com.br\/novoportal\/wp-content\/uploads\/2022\/08\/WhatsApp-Image-2022-08-16-at-20.34.59.jpeg\"><img loading=\"lazy\" decoding=\"async\" class=\"aligncenter size-medium wp-image-104208\" src=\"https:\/\/www.sudoestehoje.com.br\/novoportal\/wp-content\/uploads\/2022\/08\/WhatsApp-Image-2022-08-16-at-20.34.59-500x282.jpeg\" alt=\"\" width=\"500\" height=\"282\" srcset=\"https:\/\/www.sudoestehoje.com.br\/novoportal\/wp-content\/uploads\/2022\/08\/WhatsApp-Image-2022-08-16-at-20.34.59-500x282.jpeg 500w, https:\/\/www.sudoestehoje.com.br\/novoportal\/wp-content\/uploads\/2022\/08\/WhatsApp-Image-2022-08-16-at-20.34.59-700x394.jpeg 700w, https:\/\/www.sudoestehoje.com.br\/novoportal\/wp-content\/uploads\/2022\/08\/WhatsApp-Image-2022-08-16-at-20.34.59-768x432.jpeg 768w, https:\/\/www.sudoestehoje.com.br\/novoportal\/wp-content\/uploads\/2022\/08\/WhatsApp-Image-2022-08-16-at-20.34.59.jpeg 1156w\" sizes=\"auto, (max-width: 500px) 100vw, 500px\" \/><\/a><\/p>\n<p>Al\u00e9m da ilumina\u00e7\u00e3o e instala\u00e7\u00e3o de energia, a via Urbanismo\u00a0 est\u00e1 concluindo a implanta\u00e7\u00e3o da esta\u00e7\u00e3o de tratamento de esgotos, o que evitar\u00e1 o despejo de dejetos no rio Catol\u00e9, evitando a sua polui\u00e7\u00e3o. Obras de reestrutura\u00e7\u00e3o para preven\u00e7\u00e3o de alagamentos nas \u00e9pocas chuvosas tamb\u00e9m est\u00e3o sendo executadas.<\/p>\n<p><strong><em>Por Davi Ferraz<\/em><\/strong><\/p>\n","protected":false},"excerpt":{"rendered":"<p>Em nova etapa da sua implanta\u00e7\u00e3o, o Loteamento Morada do Parque, empreendimento da Via Urbanismo, acaba de receber a sua rede de energia el\u00e9trica com ilumina\u00e7\u00e3o em todas as vias, o que possibilita novas constru\u00e7\u00f5es e maior seguran\u00e7a e conforto aos seus futuros moradores. Em contato com o Sudoeste Hoje, o empreendedor Carlos Nain, diretor [&hellip;]<\/p>\n","protected":false},"author":2,"featured_media":104207,"comment_status":"open","ping_status":"open","sticky":false,"template":"","format":"standard","meta":{"footnotes":"","_links_to":"","_links_to_target":""},"categories":[1],"tags":[],"class_list":["post-104202","post","type-post","status-publish","format-standard","has-post-thumbnail","hentry","category-geral"],"views":782,"_links":{"self":[{"href":"https:\/\/www.sudoestehoje.com.br\/novoportal\/wp-json\/wp\/v2\/posts\/104202","targetHints":{"allow":["GET"]}}],"collection":[{"href":"https:\/\/www.sudoestehoje.com.br\/novoportal\/wp-json\/wp\/v2\/posts"}],"about":[{"href":"https:\/\/www.sudoestehoje.com.br\/novoportal\/wp-json\/wp\/v2\/types\/post"}],"author":[{"embeddable":true,"href":"https:\/\/www.sudoestehoje.com.br\/novoportal\/wp-json\/wp\/v2\/users\/2"}],"replies":[{"embeddable":true,"href":"https:\/\/www.sudoestehoje.com.br\/novoportal\/wp-json\/wp\/v2\/comments?post=104202"}],"version-history":[{"count":4,"href":"https:\/\/www.sudoestehoje.com.br\/novoportal\/wp-json\/wp\/v2\/posts\/104202\/revisions"}],"predecessor-version":[{"id":104209,"href":"https:\/\/www.sudoestehoje.com.br\/novoportal\/wp-json\/wp\/v2\/posts\/104202\/revisions\/104209"}],"wp:featuredmedia":[{"embeddable":true,"href":"https:\/\/www.sudoestehoje.com.br\/novoportal\/wp-json\/wp\/v2\/media\/104207"}],"wp:attachment":[{"href":"https:\/\/www.sudoestehoje.com.br\/novoportal\/wp-json\/wp\/v2\/media?parent=104202"}],"wp:term":[{"taxonomy":"category","embeddable":true,"href":"https:\/\/www.sudoestehoje.com.br\/novoportal\/wp-json\/wp\/v2\/categories?post=104202"},{"taxonomy":"post_tag","embeddable":true,"href":"https:\/\/www.sudoestehoje.com.br\/novoportal\/wp-json\/wp\/v2\/tags?post=104202"}],"curies":[{"name":"wp","href":"https:\/\/api.w.org\/{rel}","templated":true}]}}