
{"id":104172,"date":"2022-08-16T18:34:37","date_gmt":"2022-08-16T21:34:37","guid":{"rendered":"https:\/\/www.sudoestehoje.com.br\/novoportal\/?p=104172"},"modified":"2022-08-16T18:45:25","modified_gmt":"2022-08-16T21:45:25","slug":"manu-brandao-promove-audiencia-publica-com-g4-favelas-homenageia-personalidades","status":"publish","type":"post","link":"https:\/\/www.sudoestehoje.com.br\/novoportal\/2022\/08\/16\/manu-brandao-promove-audiencia-publica-com-g4-favelas-homenageia-personalidades\/","title":{"rendered":"MANU BRAND\u00c3O PROMOVE AUDI\u00caNCIA P\u00daBLICA COM G4 FAVELAS E PRESTA HOMENAGEM A PERSONALIDADES"},"content":{"rendered":"<p><a href=\"https:\/\/www.sudoestehoje.com.br\/novoportal\/wp-content\/uploads\/2022\/08\/WhatsApp-Image-2022-08-16-at-18.13.17.jpeg\"><img loading=\"lazy\" decoding=\"async\" class=\"aligncenter size-medium wp-image-104179\" src=\"https:\/\/www.sudoestehoje.com.br\/novoportal\/wp-content\/uploads\/2022\/08\/WhatsApp-Image-2022-08-16-at-18.13.17-500x339.jpeg\" alt=\"\" width=\"500\" height=\"339\" srcset=\"https:\/\/www.sudoestehoje.com.br\/novoportal\/wp-content\/uploads\/2022\/08\/WhatsApp-Image-2022-08-16-at-18.13.17-500x339.jpeg 500w, https:\/\/www.sudoestehoje.com.br\/novoportal\/wp-content\/uploads\/2022\/08\/WhatsApp-Image-2022-08-16-at-18.13.17-700x475.jpeg 700w, https:\/\/www.sudoestehoje.com.br\/novoportal\/wp-content\/uploads\/2022\/08\/WhatsApp-Image-2022-08-16-at-18.13.17.jpeg 759w\" sizes=\"auto, (max-width: 500px) 100vw, 500px\" \/><\/a><\/p>\n<p>Na \u00faltima sexta-feira (12) a vereadora <strong>Manu Brand\u00e3o<\/strong> (MDB) promoveu na C\u00e2mara Municipal uma audi\u00eancia p\u00fablica para discutir o tema \u201cEmpreendedorismo: Hist\u00f3rias de Supera\u00e7\u00e3o\u201d, com palestra ministrada por <strong>Gilson Rodrigues<\/strong>, presidente do <strong>G10 Favelas<\/strong>, e participa\u00e7\u00e3o de autoridades e representantes de institui\u00e7\u00f5es ligadas ao assunto.<\/p>\n<p><a href=\"https:\/\/www.sudoestehoje.com.br\/novoportal\/wp-content\/uploads\/2022\/08\/WhatsApp-Image-2022-08-16-at-18.10.58-1.jpeg\"><img loading=\"lazy\" decoding=\"async\" class=\"aligncenter size-medium wp-image-104178\" src=\"https:\/\/www.sudoestehoje.com.br\/novoportal\/wp-content\/uploads\/2022\/08\/WhatsApp-Image-2022-08-16-at-18.10.58-1-500x277.jpeg\" alt=\"\" width=\"500\" height=\"277\" srcset=\"https:\/\/www.sudoestehoje.com.br\/novoportal\/wp-content\/uploads\/2022\/08\/WhatsApp-Image-2022-08-16-at-18.10.58-1-500x277.jpeg 500w, https:\/\/www.sudoestehoje.com.br\/novoportal\/wp-content\/uploads\/2022\/08\/WhatsApp-Image-2022-08-16-at-18.10.58-1-700x388.jpeg 700w, https:\/\/www.sudoestehoje.com.br\/novoportal\/wp-content\/uploads\/2022\/08\/WhatsApp-Image-2022-08-16-at-18.10.58-1-768x426.jpeg 768w, https:\/\/www.sudoestehoje.com.br\/novoportal\/wp-content\/uploads\/2022\/08\/WhatsApp-Image-2022-08-16-at-18.10.58-1.jpeg 1016w\" sizes=\"auto, (max-width: 500px) 100vw, 500px\" \/><\/a><\/p>\n<p>De acordo com a vereadora Manu Brand\u00e3o, o empreendedorismo est\u00e1 relacionado \u00e0 inclus\u00e3o social, \u00e0 inova\u00e7\u00e3o e \u00e0 descoberta de novas oportunidades.\u00a0<em>\u201c\u00c9 preciso empreender para construir uma hist\u00f3ria de supera\u00e7\u00e3o e sucesso\u201d<\/em>, afirmou.<\/p>\n<p><a href=\"https:\/\/www.sudoestehoje.com.br\/novoportal\/wp-content\/uploads\/2022\/08\/WhatsApp-Image-2022-08-16-at-18.17.38.jpeg\"><img loading=\"lazy\" decoding=\"async\" class=\"aligncenter size-medium wp-image-104180\" src=\"https:\/\/www.sudoestehoje.com.br\/novoportal\/wp-content\/uploads\/2022\/08\/WhatsApp-Image-2022-08-16-at-18.17.38-500x322.jpeg\" alt=\"\" width=\"500\" height=\"322\" srcset=\"https:\/\/www.sudoestehoje.com.br\/novoportal\/wp-content\/uploads\/2022\/08\/WhatsApp-Image-2022-08-16-at-18.17.38-500x322.jpeg 500w, https:\/\/www.sudoestehoje.com.br\/novoportal\/wp-content\/uploads\/2022\/08\/WhatsApp-Image-2022-08-16-at-18.17.38-700x451.jpeg 700w, https:\/\/www.sudoestehoje.com.br\/novoportal\/wp-content\/uploads\/2022\/08\/WhatsApp-Image-2022-08-16-at-18.17.38.jpeg 767w\" sizes=\"auto, (max-width: 500px) 100vw, 500px\" \/><\/a><\/p>\n<p>Na programa\u00e7\u00e3o, foi tamb\u00e9m inclu\u00edda a entrega de t\u00edtulos e honrarias a personalidades locais, propostos pela atuante vereadora e aprovados em sess\u00f5es anteriores pelo plen\u00e1rio do legislativo, como T\u00edtulos de Cidad\u00e3o, Mo\u00e7\u00f5es de Aplauso e Medalha Juvino Oliveira. <strong><em>Confira rela\u00e7\u00e3o de homenageados e fotos:\u00a0<\/em><\/strong><\/p>\n\n\t\t<style type=\"text\/css\">\n\t\t\t#gallery-1 {\n\t\t\t\tmargin: auto;\n\t\t\t}\n\t\t\t#gallery-1 .gallery-item {\n\t\t\t\tfloat: left;\n\t\t\t\tmargin-top: 10px;\n\t\t\t\ttext-align: center;\n\t\t\t\twidth: 33%;\n\t\t\t}\n\t\t\t#gallery-1 img {\n\t\t\t\tborder: 2px solid #cfcfcf;\n\t\t\t}\n\t\t\t#gallery-1 .gallery-caption {\n\t\t\t\tmargin-left: 0;\n\t\t\t}\n\t\t\t\/* see gallery_shortcode() in wp-includes\/media.php *\/\n\t\t<\/style>\n\t\t<div id='gallery-1' class='gallery galleryid-104172 gallery-columns-3 gallery-size-thumbnail'><dl class='gallery-item'>\n\t\t\t<dt class='gallery-icon portrait'>\n\t\t\t\t<a href='https:\/\/www.sudoestehoje.com.br\/novoportal\/2022\/08\/16\/manu-brandao-promove-audiencia-publica-com-g4-favelas-homenageia-personalidades\/whatsapp-image-2022-08-16-at-18-18-53\/'><img loading=\"lazy\" decoding=\"async\" width=\"150\" height=\"150\" src=\"https:\/\/www.sudoestehoje.com.br\/novoportal\/wp-content\/uploads\/2022\/08\/WhatsApp-Image-2022-08-16-at-18.18.53-150x150.jpeg\" class=\"attachment-thumbnail size-thumbnail\" alt=\"\" \/><\/a>\n\t\t\t<\/dt><\/dl><dl class='gallery-item'>\n\t\t\t<dt class='gallery-icon portrait'>\n\t\t\t\t<a href='https:\/\/www.sudoestehoje.com.br\/novoportal\/2022\/08\/16\/manu-brandao-promove-audiencia-publica-com-g4-favelas-homenageia-personalidades\/whatsapp-image-2022-08-16-at-10-55-22-1\/'><img loading=\"lazy\" decoding=\"async\" width=\"150\" height=\"150\" src=\"https:\/\/www.sudoestehoje.com.br\/novoportal\/wp-content\/uploads\/2022\/08\/WhatsApp-Image-2022-08-16-at-10.55.22-1-1-150x150.jpeg\" class=\"attachment-thumbnail size-thumbnail\" alt=\"\" \/><\/a>\n\t\t\t<\/dt><\/dl><dl class='gallery-item'>\n\t\t\t<dt class='gallery-icon portrait'>\n\t\t\t\t<a href='https:\/\/www.sudoestehoje.com.br\/novoportal\/2022\/08\/16\/manu-brandao-promove-audiencia-publica-com-g4-favelas-homenageia-personalidades\/whatsapp-image-2022-08-16-at-10-55-21\/'><img loading=\"lazy\" decoding=\"async\" width=\"150\" height=\"150\" src=\"https:\/\/www.sudoestehoje.com.br\/novoportal\/wp-content\/uploads\/2022\/08\/WhatsApp-Image-2022-08-16-at-10.55.21-150x150.jpeg\" class=\"attachment-thumbnail size-thumbnail\" alt=\"\" \/><\/a>\n\t\t\t<\/dt><\/dl><br style=\"clear: both\" \/><dl class='gallery-item'>\n\t\t\t<dt class='gallery-icon portrait'>\n\t\t\t\t<a href='https:\/\/www.sudoestehoje.com.br\/novoportal\/2022\/08\/16\/manu-brandao-promove-audiencia-publica-com-g4-favelas-homenageia-personalidades\/whatsapp-image-2022-08-16-at-10-55-20\/'><img loading=\"lazy\" decoding=\"async\" width=\"150\" height=\"150\" src=\"https:\/\/www.sudoestehoje.com.br\/novoportal\/wp-content\/uploads\/2022\/08\/WhatsApp-Image-2022-08-16-at-10.55.20-150x150.jpeg\" class=\"attachment-thumbnail size-thumbnail\" alt=\"\" \/><\/a>\n\t\t\t<\/dt><\/dl><dl class='gallery-item'>\n\t\t\t<dt class='gallery-icon portrait'>\n\t\t\t\t<a href='https:\/\/www.sudoestehoje.com.br\/novoportal\/2022\/08\/16\/manu-brandao-promove-audiencia-publica-com-g4-favelas-homenageia-personalidades\/whatsapp-image-2022-08-16-at-10-55-20-1\/'><img loading=\"lazy\" decoding=\"async\" width=\"150\" height=\"150\" src=\"https:\/\/www.sudoestehoje.com.br\/novoportal\/wp-content\/uploads\/2022\/08\/WhatsApp-Image-2022-08-16-at-10.55.20-1-150x150.jpeg\" class=\"attachment-thumbnail size-thumbnail\" alt=\"\" \/><\/a>\n\t\t\t<\/dt><\/dl><dl class='gallery-item'>\n\t\t\t<dt class='gallery-icon portrait'>\n\t\t\t\t<a href='https:\/\/www.sudoestehoje.com.br\/novoportal\/2022\/08\/16\/manu-brandao-promove-audiencia-publica-com-g4-favelas-homenageia-personalidades\/whatsapp-image-2022-08-16-at-10-55-19\/'><img loading=\"lazy\" decoding=\"async\" width=\"150\" height=\"150\" src=\"https:\/\/www.sudoestehoje.com.br\/novoportal\/wp-content\/uploads\/2022\/08\/WhatsApp-Image-2022-08-16-at-10.55.19-150x150.jpeg\" class=\"attachment-thumbnail size-thumbnail\" alt=\"\" \/><\/a>\n\t\t\t<\/dt><\/dl><br style=\"clear: both\" \/><dl class='gallery-item'>\n\t\t\t<dt class='gallery-icon portrait'>\n\t\t\t\t<a href='https:\/\/www.sudoestehoje.com.br\/novoportal\/2022\/08\/16\/manu-brandao-promove-audiencia-publica-com-g4-favelas-homenageia-personalidades\/whatsapp-image-2022-08-15-at-14-11-33-1\/'><img loading=\"lazy\" decoding=\"async\" width=\"150\" height=\"150\" src=\"https:\/\/www.sudoestehoje.com.br\/novoportal\/wp-content\/uploads\/2022\/08\/WhatsApp-Image-2022-08-15-at-14.11.33-1-150x150.jpeg\" class=\"attachment-thumbnail size-thumbnail\" alt=\"\" \/><\/a>\n\t\t\t<\/dt><\/dl><dl class='gallery-item'>\n\t\t\t<dt class='gallery-icon portrait'>\n\t\t\t\t<a href='https:\/\/www.sudoestehoje.com.br\/novoportal\/2022\/08\/16\/manu-brandao-promove-audiencia-publica-com-g4-favelas-homenageia-personalidades\/whatsapp-image-2022-08-15-at-14-11-33-2\/'><img loading=\"lazy\" decoding=\"async\" width=\"150\" height=\"150\" src=\"https:\/\/www.sudoestehoje.com.br\/novoportal\/wp-content\/uploads\/2022\/08\/WhatsApp-Image-2022-08-15-at-14.11.33-2-150x150.jpeg\" class=\"attachment-thumbnail size-thumbnail\" alt=\"\" \/><\/a>\n\t\t\t<\/dt><\/dl><dl class='gallery-item'>\n\t\t\t<dt class='gallery-icon portrait'>\n\t\t\t\t<a href='https:\/\/www.sudoestehoje.com.br\/novoportal\/2022\/08\/16\/manu-brandao-promove-audiencia-publica-com-g4-favelas-homenageia-personalidades\/whatsapp-image-2022-08-15-at-14-11-33\/'><img loading=\"lazy\" decoding=\"async\" width=\"150\" height=\"150\" src=\"https:\/\/www.sudoestehoje.com.br\/novoportal\/wp-content\/uploads\/2022\/08\/WhatsApp-Image-2022-08-15-at-14.11.33-150x150.jpeg\" class=\"attachment-thumbnail size-thumbnail\" alt=\"\" \/><\/a>\n\t\t\t<\/dt><\/dl><br style=\"clear: both\" \/>\n\t\t<\/div>\n\n<p><strong><em>Por Davi Ferraz<\/em><\/strong><\/p>\n","protected":false},"excerpt":{"rendered":"<p>Na \u00faltima sexta-feira (12) a vereadora Manu Brand\u00e3o (MDB) promoveu na C\u00e2mara Municipal uma audi\u00eancia p\u00fablica para discutir o tema \u201cEmpreendedorismo: Hist\u00f3rias de Supera\u00e7\u00e3o\u201d, com palestra ministrada por Gilson Rodrigues, presidente do G10 Favelas, e participa\u00e7\u00e3o de autoridades e representantes de institui\u00e7\u00f5es ligadas ao assunto. De acordo com a vereadora Manu Brand\u00e3o, o empreendedorismo est\u00e1 [&hellip;]<\/p>\n","protected":false},"author":2,"featured_media":104179,"comment_status":"open","ping_status":"open","sticky":false,"template":"","format":"standard","meta":{"footnotes":"","_links_to":"","_links_to_target":""},"categories":[1],"tags":[],"class_list":["post-104172","post","type-post","status-publish","format-standard","has-post-thumbnail","hentry","category-geral"],"views":653,"_links":{"self":[{"href":"https:\/\/www.sudoestehoje.com.br\/novoportal\/wp-json\/wp\/v2\/posts\/104172","targetHints":{"allow":["GET"]}}],"collection":[{"href":"https:\/\/www.sudoestehoje.com.br\/novoportal\/wp-json\/wp\/v2\/posts"}],"about":[{"href":"https:\/\/www.sudoestehoje.com.br\/novoportal\/wp-json\/wp\/v2\/types\/post"}],"author":[{"embeddable":true,"href":"https:\/\/www.sudoestehoje.com.br\/novoportal\/wp-json\/wp\/v2\/users\/2"}],"replies":[{"embeddable":true,"href":"https:\/\/www.sudoestehoje.com.br\/novoportal\/wp-json\/wp\/v2\/comments?post=104172"}],"version-history":[{"count":9,"href":"https:\/\/www.sudoestehoje.com.br\/novoportal\/wp-json\/wp\/v2\/posts\/104172\/revisions"}],"predecessor-version":[{"id":104201,"href":"https:\/\/www.sudoestehoje.com.br\/novoportal\/wp-json\/wp\/v2\/posts\/104172\/revisions\/104201"}],"wp:featuredmedia":[{"embeddable":true,"href":"https:\/\/www.sudoestehoje.com.br\/novoportal\/wp-json\/wp\/v2\/media\/104179"}],"wp:attachment":[{"href":"https:\/\/www.sudoestehoje.com.br\/novoportal\/wp-json\/wp\/v2\/media?parent=104172"}],"wp:term":[{"taxonomy":"category","embeddable":true,"href":"https:\/\/www.sudoestehoje.com.br\/novoportal\/wp-json\/wp\/v2\/categories?post=104172"},{"taxonomy":"post_tag","embeddable":true,"href":"https:\/\/www.sudoestehoje.com.br\/novoportal\/wp-json\/wp\/v2\/tags?post=104172"}],"curies":[{"name":"wp","href":"https:\/\/api.w.org\/{rel}","templated":true}]}}