
{"id":104154,"date":"2022-08-15T19:36:53","date_gmt":"2022-08-15T22:36:53","guid":{"rendered":"https:\/\/www.sudoestehoje.com.br\/novoportal\/?p=104154"},"modified":"2022-08-15T19:36:53","modified_gmt":"2022-08-15T22:36:53","slug":"salvador-viatura-da-pm-fica-destruida-apos-pegar-fogo-em-frente-a-uma-farmacia","status":"publish","type":"post","link":"https:\/\/www.sudoestehoje.com.br\/novoportal\/2022\/08\/15\/salvador-viatura-da-pm-fica-destruida-apos-pegar-fogo-em-frente-a-uma-farmacia\/","title":{"rendered":"SALVADOR | VIATURA DA PM FICA DESTRU\u00cdDA AP\u00d3S PEGAR FOGO EM FRENTE A UMA FARM\u00c1CIA"},"content":{"rendered":"<div class=\"mc-column content-text active-extra-styles \" data-block-type=\"unstyled\" data-block-weight=\"22\" data-block-id=\"3\">\n<p data-track-category=\"Link no Texto\" data-track-links=\"\"><a href=\"https:\/\/www.sudoestehoje.com.br\/novoportal\/wp-content\/uploads\/2022\/08\/viatura-da-policia-militar-pega-fogo-em-brotas_widexl.jpg\"><img loading=\"lazy\" decoding=\"async\" class=\"aligncenter size-medium wp-image-104159\" src=\"https:\/\/www.sudoestehoje.com.br\/novoportal\/wp-content\/uploads\/2022\/08\/viatura-da-policia-militar-pega-fogo-em-brotas_widexl-500x281.jpg\" alt=\"\" width=\"500\" height=\"281\" srcset=\"https:\/\/www.sudoestehoje.com.br\/novoportal\/wp-content\/uploads\/2022\/08\/viatura-da-policia-militar-pega-fogo-em-brotas_widexl-500x281.jpg 500w, https:\/\/www.sudoestehoje.com.br\/novoportal\/wp-content\/uploads\/2022\/08\/viatura-da-policia-militar-pega-fogo-em-brotas_widexl-700x394.jpg 700w, https:\/\/www.sudoestehoje.com.br\/novoportal\/wp-content\/uploads\/2022\/08\/viatura-da-policia-militar-pega-fogo-em-brotas_widexl-768x432.jpg 768w, https:\/\/www.sudoestehoje.com.br\/novoportal\/wp-content\/uploads\/2022\/08\/viatura-da-policia-militar-pega-fogo-em-brotas_widexl.jpg 1200w\" sizes=\"auto, (max-width: 500px) 100vw, 500px\" \/><\/a><\/p>\n<p class=\"content-text__container \" data-track-category=\"Link no Texto\" data-track-links=\"\">Uma viatura da Pol\u00edcia Militar ficou destru\u00edda ap\u00f3s pegar fogo na tarde desta segunda-feira (15), no bairro de Brotas, em\u00a0<a href=\"https:\/\/g1.globo.com\/ba\/bahia\/cidade\/salvador\/\">Salvador<\/a>.<\/p>\n<\/div>\n<div class=\"wall protected-content\">\n<div class=\"mc-column content-text active-extra-styles \" data-block-type=\"unstyled\" data-block-weight=\"38\" data-block-id=\"4\">\n<p class=\"content-text__container \" data-track-category=\"Link no Texto\" data-track-links=\"\">Segundo informa\u00e7\u00f5es da Pol\u00edcia Militar, uma equipe da 26\u00aa Companhia Independente da Pol\u00edcia Militar (CIPM) fazia patrulhamento pela Avenida Dom Jo\u00e3o VI quando a viatura em que estavam apresentou aquecimento no painel. Em seguida, o ve\u00edculo pegou fogo.<\/p>\n<\/div>\n<div class=\"mc-column content-text active-extra-styles \" data-block-type=\"unstyled\" data-block-weight=\"24\" data-block-id=\"5\">\n<p class=\"content-text__container \" data-track-category=\"Link no Texto\" data-track-links=\"\">De acordo com a PM, os militares conseguiram deixar o ve\u00edculo sem ferimentos e acionaram o Corpo de Bombeiros para debelar as chamas.<\/p>\n<\/div>\n<div class=\"mc-column content-text active-extra-styles \" data-block-type=\"unstyled\" data-block-weight=\"35\" data-block-id=\"6\">\n<p class=\"content-text__container \" data-track-category=\"Link no Texto\" data-track-links=\"\">A PM informou que n\u00e3o h\u00e1 informa\u00e7\u00f5es sobre o que poderia ter iniciado o fogo e o caso ser\u00e1 apurado em Inqu\u00e9rito T\u00e9cnico. Uma equipe do Corpo de Bombeiros atuou para debelar o inc\u00eandio.<\/p>\n<\/div>\n<\/div>\n","protected":false},"excerpt":{"rendered":"<p>Uma viatura da Pol\u00edcia Militar ficou destru\u00edda ap\u00f3s pegar fogo na tarde desta segunda-feira (15), no bairro de Brotas, em\u00a0Salvador. Segundo informa\u00e7\u00f5es da Pol\u00edcia Militar, uma equipe da 26\u00aa Companhia Independente da Pol\u00edcia Militar (CIPM) fazia patrulhamento pela Avenida Dom Jo\u00e3o VI quando a viatura em que estavam apresentou aquecimento no painel. Em seguida, o [&hellip;]<\/p>\n","protected":false},"author":2,"featured_media":104159,"comment_status":"open","ping_status":"open","sticky":false,"template":"","format":"standard","meta":{"footnotes":"","_links_to":"","_links_to_target":""},"categories":[1],"tags":[],"class_list":["post-104154","post","type-post","status-publish","format-standard","has-post-thumbnail","hentry","category-geral"],"views":980,"_links":{"self":[{"href":"https:\/\/www.sudoestehoje.com.br\/novoportal\/wp-json\/wp\/v2\/posts\/104154","targetHints":{"allow":["GET"]}}],"collection":[{"href":"https:\/\/www.sudoestehoje.com.br\/novoportal\/wp-json\/wp\/v2\/posts"}],"about":[{"href":"https:\/\/www.sudoestehoje.com.br\/novoportal\/wp-json\/wp\/v2\/types\/post"}],"author":[{"embeddable":true,"href":"https:\/\/www.sudoestehoje.com.br\/novoportal\/wp-json\/wp\/v2\/users\/2"}],"replies":[{"embeddable":true,"href":"https:\/\/www.sudoestehoje.com.br\/novoportal\/wp-json\/wp\/v2\/comments?post=104154"}],"version-history":[{"count":2,"href":"https:\/\/www.sudoestehoje.com.br\/novoportal\/wp-json\/wp\/v2\/posts\/104154\/revisions"}],"predecessor-version":[{"id":104160,"href":"https:\/\/www.sudoestehoje.com.br\/novoportal\/wp-json\/wp\/v2\/posts\/104154\/revisions\/104160"}],"wp:featuredmedia":[{"embeddable":true,"href":"https:\/\/www.sudoestehoje.com.br\/novoportal\/wp-json\/wp\/v2\/media\/104159"}],"wp:attachment":[{"href":"https:\/\/www.sudoestehoje.com.br\/novoportal\/wp-json\/wp\/v2\/media?parent=104154"}],"wp:term":[{"taxonomy":"category","embeddable":true,"href":"https:\/\/www.sudoestehoje.com.br\/novoportal\/wp-json\/wp\/v2\/categories?post=104154"},{"taxonomy":"post_tag","embeddable":true,"href":"https:\/\/www.sudoestehoje.com.br\/novoportal\/wp-json\/wp\/v2\/tags?post=104154"}],"curies":[{"name":"wp","href":"https:\/\/api.w.org\/{rel}","templated":true}]}}