
{"id":104147,"date":"2022-08-15T18:51:10","date_gmt":"2022-08-15T21:51:10","guid":{"rendered":"https:\/\/www.sudoestehoje.com.br\/novoportal\/?p=104147"},"modified":"2022-08-15T19:13:25","modified_gmt":"2022-08-15T22:13:25","slug":"pempo-de-tv-de-acm-neto-supera-em-1-minuto-o-de-jeronimo-rodrigues","status":"publish","type":"post","link":"https:\/\/www.sudoestehoje.com.br\/novoportal\/2022\/08\/15\/pempo-de-tv-de-acm-neto-supera-em-1-minuto-o-de-jeronimo-rodrigues\/","title":{"rendered":"TEMPO DE TV DE ACM NETO SUPERA EM 1 MINUTO O DE JER\u00d4NIMO RODRIGUES"},"content":{"rendered":"<p><a href=\"https:\/\/www.sudoestehoje.com.br\/novoportal\/wp-content\/uploads\/2022\/08\/166026601962f5a623c175f_1660266019_3x2_md.jpg\"><img loading=\"lazy\" decoding=\"async\" class=\"aligncenter size-medium wp-image-104148\" src=\"https:\/\/www.sudoestehoje.com.br\/novoportal\/wp-content\/uploads\/2022\/08\/166026601962f5a623c175f_1660266019_3x2_md-500x333.jpg\" alt=\"\" width=\"500\" height=\"333\" srcset=\"https:\/\/www.sudoestehoje.com.br\/novoportal\/wp-content\/uploads\/2022\/08\/166026601962f5a623c175f_1660266019_3x2_md-500x333.jpg 500w, https:\/\/www.sudoestehoje.com.br\/novoportal\/wp-content\/uploads\/2022\/08\/166026601962f5a623c175f_1660266019_3x2_md-700x467.jpg 700w, https:\/\/www.sudoestehoje.com.br\/novoportal\/wp-content\/uploads\/2022\/08\/166026601962f5a623c175f_1660266019_3x2_md.jpg 768w\" sizes=\"auto, (max-width: 500px) 100vw, 500px\" \/><\/a><\/p>\n<p>Com base em proje\u00e7\u00e3o realizada na lei eleitoral, o Jornal\u00a0<em>O Globo<\/em>\u00a0divulgou a minutagem dos principais candidatos ao Governo da Bahia. Na divis\u00e3o do tempo de TV, o candidato do Uni\u00e3o Brasil, ACM Neto, foi quem obteve o melhor resultado.<\/p>\n<p><strong>O ex-prefeito de Salvador aparece com 4 minutos e 39 segundos, enquanto Jer\u00f4nimo Rodrigues (PT) tem um minuto a menos (3m39s). Jo\u00e3o Roma (PL) surge em seguida com 1m14s de inser\u00e7\u00e3o. O quarto colocado nas pesquisas, Kleber Rosa (PSOL) tem apenas 27 segundos.<\/strong><\/p>\n<p>A reportagem lembra, ainda, que liderar as pesquisas de inten\u00e7\u00e3o de voto, al\u00e9m de ter o controle da m\u00e1quina p\u00fablica nas m\u00e3os, s\u00e3o fatores decisivos para conquistar mais espa\u00e7o. Outro fator determinante s\u00e3o as alian\u00e7as com outros partidos concretizadas ao longo da pr\u00e9-campanha.<\/p>\n","protected":false},"excerpt":{"rendered":"<p>Com base em proje\u00e7\u00e3o realizada na lei eleitoral, o Jornal\u00a0O Globo\u00a0divulgou a minutagem dos principais candidatos ao Governo da Bahia. Na divis\u00e3o do tempo de TV, o candidato do Uni\u00e3o Brasil, ACM Neto, foi quem obteve o melhor resultado. O ex-prefeito de Salvador aparece com 4 minutos e 39 segundos, enquanto Jer\u00f4nimo Rodrigues (PT) tem [&hellip;]<\/p>\n","protected":false},"author":2,"featured_media":104148,"comment_status":"open","ping_status":"open","sticky":false,"template":"","format":"standard","meta":{"footnotes":"","_links_to":"","_links_to_target":""},"categories":[1],"tags":[],"class_list":["post-104147","post","type-post","status-publish","format-standard","has-post-thumbnail","hentry","category-geral"],"views":920,"_links":{"self":[{"href":"https:\/\/www.sudoestehoje.com.br\/novoportal\/wp-json\/wp\/v2\/posts\/104147","targetHints":{"allow":["GET"]}}],"collection":[{"href":"https:\/\/www.sudoestehoje.com.br\/novoportal\/wp-json\/wp\/v2\/posts"}],"about":[{"href":"https:\/\/www.sudoestehoje.com.br\/novoportal\/wp-json\/wp\/v2\/types\/post"}],"author":[{"embeddable":true,"href":"https:\/\/www.sudoestehoje.com.br\/novoportal\/wp-json\/wp\/v2\/users\/2"}],"replies":[{"embeddable":true,"href":"https:\/\/www.sudoestehoje.com.br\/novoportal\/wp-json\/wp\/v2\/comments?post=104147"}],"version-history":[{"count":5,"href":"https:\/\/www.sudoestehoje.com.br\/novoportal\/wp-json\/wp\/v2\/posts\/104147\/revisions"}],"predecessor-version":[{"id":104153,"href":"https:\/\/www.sudoestehoje.com.br\/novoportal\/wp-json\/wp\/v2\/posts\/104147\/revisions\/104153"}],"wp:featuredmedia":[{"embeddable":true,"href":"https:\/\/www.sudoestehoje.com.br\/novoportal\/wp-json\/wp\/v2\/media\/104148"}],"wp:attachment":[{"href":"https:\/\/www.sudoestehoje.com.br\/novoportal\/wp-json\/wp\/v2\/media?parent=104147"}],"wp:term":[{"taxonomy":"category","embeddable":true,"href":"https:\/\/www.sudoestehoje.com.br\/novoportal\/wp-json\/wp\/v2\/categories?post=104147"},{"taxonomy":"post_tag","embeddable":true,"href":"https:\/\/www.sudoestehoje.com.br\/novoportal\/wp-json\/wp\/v2\/tags?post=104147"}],"curies":[{"name":"wp","href":"https:\/\/api.w.org\/{rel}","templated":true}]}}