
{"id":104134,"date":"2022-08-15T14:00:55","date_gmt":"2022-08-15T17:00:55","guid":{"rendered":"https:\/\/www.sudoestehoje.com.br\/novoportal\/?p=104134"},"modified":"2022-08-15T14:00:55","modified_gmt":"2022-08-15T17:00:55","slug":"itapetinga-carlao-de-palmares-assumiu-mandato-de-vereador-nesta-segunda","status":"publish","type":"post","link":"https:\/\/www.sudoestehoje.com.br\/novoportal\/2022\/08\/15\/itapetinga-carlao-de-palmares-assumiu-mandato-de-vereador-nesta-segunda\/","title":{"rendered":"ITAPETINGA | CARL\u00c3O DE PALMARES ASSUMIU MANDATO DE VEREADOR NESTA SEGUNDA"},"content":{"rendered":"<p><a href=\"https:\/\/www.sudoestehoje.com.br\/novoportal\/wp-content\/uploads\/2022\/08\/WhatsApp-Image-2022-08-15-at-13.42.23.jpeg\"><img loading=\"lazy\" decoding=\"async\" class=\"aligncenter size-medium wp-image-104140\" src=\"https:\/\/www.sudoestehoje.com.br\/novoportal\/wp-content\/uploads\/2022\/08\/WhatsApp-Image-2022-08-15-at-13.42.23-500x290.jpeg\" alt=\"\" width=\"500\" height=\"290\" srcset=\"https:\/\/www.sudoestehoje.com.br\/novoportal\/wp-content\/uploads\/2022\/08\/WhatsApp-Image-2022-08-15-at-13.42.23-500x290.jpeg 500w, https:\/\/www.sudoestehoje.com.br\/novoportal\/wp-content\/uploads\/2022\/08\/WhatsApp-Image-2022-08-15-at-13.42.23-700x406.jpeg 700w, https:\/\/www.sudoestehoje.com.br\/novoportal\/wp-content\/uploads\/2022\/08\/WhatsApp-Image-2022-08-15-at-13.42.23-768x445.jpeg 768w, https:\/\/www.sudoestehoje.com.br\/novoportal\/wp-content\/uploads\/2022\/08\/WhatsApp-Image-2022-08-15-at-13.42.23.jpeg 1240w\" sizes=\"auto, (max-width: 500px) 100vw, 500px\" \/><\/a><\/p>\n<p>Em clima de festa, o 1\u00ba suplente de vereador pelo MDB, Carl\u00e3o de Palmares, assumiu na manh\u00e3 desta segunda-feira (15) o seu primeiro mandato, em substitui\u00e7\u00e3o ao vereador Luciano Almeida, que se licenciou para ocupar o cargo de Secret\u00e1rio Municipal do Meio Ambiente de Itapetinga.<\/p>\n<p>Com o plen\u00e1rio lotado e na presen\u00e7a do prefeito Rodrigo Hagge (MDB) e do vice Renan Pereira (UB), Carl\u00e3o fez um discurso emocionado, ratificando o seu posicionamento como membro da base governista, prometendo lutar por melhorias no Povoado de Palmares e defender com afinco a categoria dos agentes comunit\u00e1rios de sa\u00fade, a qual pertence.<\/p>\n<p>O prefeito Rodrigo Hagge, o vice Renan Pereira e os demais vereadores presentes se pronunciaram saudando o novo membro do legislativo municipal.<\/p>\n\n\t\t<style type=\"text\/css\">\n\t\t\t#gallery-1 {\n\t\t\t\tmargin: auto;\n\t\t\t}\n\t\t\t#gallery-1 .gallery-item {\n\t\t\t\tfloat: left;\n\t\t\t\tmargin-top: 10px;\n\t\t\t\ttext-align: center;\n\t\t\t\twidth: 33%;\n\t\t\t}\n\t\t\t#gallery-1 img {\n\t\t\t\tborder: 2px solid #cfcfcf;\n\t\t\t}\n\t\t\t#gallery-1 .gallery-caption {\n\t\t\t\tmargin-left: 0;\n\t\t\t}\n\t\t\t\/* see gallery_shortcode() in wp-includes\/media.php *\/\n\t\t<\/style>\n\t\t<div id='gallery-1' class='gallery galleryid-104134 gallery-columns-3 gallery-size-thumbnail'><dl class='gallery-item'>\n\t\t\t<dt class='gallery-icon landscape'>\n\t\t\t\t<a href='https:\/\/www.sudoestehoje.com.br\/novoportal\/2022\/08\/15\/itapetinga-carlao-de-palmares-assumiu-mandato-de-vereador-nesta-segunda\/whatsapp-image-2022-08-15-at-13-43-29\/'><img loading=\"lazy\" decoding=\"async\" width=\"150\" height=\"150\" src=\"https:\/\/www.sudoestehoje.com.br\/novoportal\/wp-content\/uploads\/2022\/08\/WhatsApp-Image-2022-08-15-at-13.43.29-150x150.jpeg\" class=\"attachment-thumbnail size-thumbnail\" alt=\"\" \/><\/a>\n\t\t\t<\/dt><\/dl><dl class='gallery-item'>\n\t\t\t<dt class='gallery-icon landscape'>\n\t\t\t\t<a href='https:\/\/www.sudoestehoje.com.br\/novoportal\/2022\/08\/15\/itapetinga-carlao-de-palmares-assumiu-mandato-de-vereador-nesta-segunda\/whatsapp-image-2022-08-15-at-13-45-03\/'><img loading=\"lazy\" decoding=\"async\" width=\"150\" height=\"150\" src=\"https:\/\/www.sudoestehoje.com.br\/novoportal\/wp-content\/uploads\/2022\/08\/WhatsApp-Image-2022-08-15-at-13.45.03-150x150.jpeg\" class=\"attachment-thumbnail size-thumbnail\" alt=\"\" \/><\/a>\n\t\t\t<\/dt><\/dl><dl class='gallery-item'>\n\t\t\t<dt class='gallery-icon landscape'>\n\t\t\t\t<a href='https:\/\/www.sudoestehoje.com.br\/novoportal\/2022\/08\/15\/itapetinga-carlao-de-palmares-assumiu-mandato-de-vereador-nesta-segunda\/whatsapp-image-2022-08-15-at-13-46-00\/'><img loading=\"lazy\" decoding=\"async\" width=\"150\" height=\"150\" src=\"https:\/\/www.sudoestehoje.com.br\/novoportal\/wp-content\/uploads\/2022\/08\/WhatsApp-Image-2022-08-15-at-13.46.00-150x150.jpeg\" class=\"attachment-thumbnail size-thumbnail\" alt=\"\" \/><\/a>\n\t\t\t<\/dt><\/dl><br style=\"clear: both\" \/>\n\t\t<\/div>\n\n<p><strong><em>Por Davi Ferraz<\/em><\/strong><\/p>\n","protected":false},"excerpt":{"rendered":"<p>Em clima de festa, o 1\u00ba suplente de vereador pelo MDB, Carl\u00e3o de Palmares, assumiu na manh\u00e3 desta segunda-feira (15) o seu primeiro mandato, em substitui\u00e7\u00e3o ao vereador Luciano Almeida, que se licenciou para ocupar o cargo de Secret\u00e1rio Municipal do Meio Ambiente de Itapetinga. Com o plen\u00e1rio lotado e na presen\u00e7a do prefeito Rodrigo [&hellip;]<\/p>\n","protected":false},"author":2,"featured_media":104140,"comment_status":"open","ping_status":"open","sticky":false,"template":"","format":"standard","meta":{"footnotes":"","_links_to":"","_links_to_target":""},"categories":[1],"tags":[],"class_list":["post-104134","post","type-post","status-publish","format-standard","has-post-thumbnail","hentry","category-geral"],"views":729,"_links":{"self":[{"href":"https:\/\/www.sudoestehoje.com.br\/novoportal\/wp-json\/wp\/v2\/posts\/104134","targetHints":{"allow":["GET"]}}],"collection":[{"href":"https:\/\/www.sudoestehoje.com.br\/novoportal\/wp-json\/wp\/v2\/posts"}],"about":[{"href":"https:\/\/www.sudoestehoje.com.br\/novoportal\/wp-json\/wp\/v2\/types\/post"}],"author":[{"embeddable":true,"href":"https:\/\/www.sudoestehoje.com.br\/novoportal\/wp-json\/wp\/v2\/users\/2"}],"replies":[{"embeddable":true,"href":"https:\/\/www.sudoestehoje.com.br\/novoportal\/wp-json\/wp\/v2\/comments?post=104134"}],"version-history":[{"count":2,"href":"https:\/\/www.sudoestehoje.com.br\/novoportal\/wp-json\/wp\/v2\/posts\/104134\/revisions"}],"predecessor-version":[{"id":104141,"href":"https:\/\/www.sudoestehoje.com.br\/novoportal\/wp-json\/wp\/v2\/posts\/104134\/revisions\/104141"}],"wp:featuredmedia":[{"embeddable":true,"href":"https:\/\/www.sudoestehoje.com.br\/novoportal\/wp-json\/wp\/v2\/media\/104140"}],"wp:attachment":[{"href":"https:\/\/www.sudoestehoje.com.br\/novoportal\/wp-json\/wp\/v2\/media?parent=104134"}],"wp:term":[{"taxonomy":"category","embeddable":true,"href":"https:\/\/www.sudoestehoje.com.br\/novoportal\/wp-json\/wp\/v2\/categories?post=104134"},{"taxonomy":"post_tag","embeddable":true,"href":"https:\/\/www.sudoestehoje.com.br\/novoportal\/wp-json\/wp\/v2\/tags?post=104134"}],"curies":[{"name":"wp","href":"https:\/\/api.w.org\/{rel}","templated":true}]}}