
{"id":104127,"date":"2022-08-15T09:48:41","date_gmt":"2022-08-15T12:48:41","guid":{"rendered":"https:\/\/www.sudoestehoje.com.br\/novoportal\/?p=104127"},"modified":"2022-08-15T09:48:41","modified_gmt":"2022-08-15T12:48:41","slug":"grave-acidente-entre-motos-deixa-duas-pessoas-mortas-e-3-feridas-em-ipiau","status":"publish","type":"post","link":"https:\/\/www.sudoestehoje.com.br\/novoportal\/2022\/08\/15\/grave-acidente-entre-motos-deixa-duas-pessoas-mortas-e-3-feridas-em-ipiau\/","title":{"rendered":"GRAVE ACIDENTE ENTRE MOTOS DEIXA DUAS PESSOAS MORTAS E 3 FERIDAS EM IPIA\u00da"},"content":{"rendered":"<div class=\"mc-column content-text active-extra-styles \" data-block-type=\"unstyled\" data-block-weight=\"49\" data-block-id=\"3\">\n<p data-track-category=\"Link no Texto\" data-track-links=\"\"><a href=\"https:\/\/www.sudoestehoje.com.br\/novoportal\/wp-content\/uploads\/2022\/08\/e8aee9ea-343a-4e24-ade2-a4327759c2fe.jpg\"><img loading=\"lazy\" decoding=\"async\" class=\"aligncenter size-medium wp-image-104128\" src=\"https:\/\/www.sudoestehoje.com.br\/novoportal\/wp-content\/uploads\/2022\/08\/e8aee9ea-343a-4e24-ade2-a4327759c2fe-500x374.jpg\" alt=\"\" width=\"500\" height=\"374\" srcset=\"https:\/\/www.sudoestehoje.com.br\/novoportal\/wp-content\/uploads\/2022\/08\/e8aee9ea-343a-4e24-ade2-a4327759c2fe-500x374.jpg 500w, https:\/\/www.sudoestehoje.com.br\/novoportal\/wp-content\/uploads\/2022\/08\/e8aee9ea-343a-4e24-ade2-a4327759c2fe.jpg 650w\" sizes=\"auto, (max-width: 500px) 100vw, 500px\" \/><\/a><\/p>\n<p class=\"content-text__container \" data-track-category=\"Link no Texto\" data-track-links=\"\">Uma colis\u00e3o entre duas motocicletas resultou em duas mortes e outras tr\u00eas pessoas feridas em\u00a0<a href=\"https:\/\/g1.globo.com\/ba\/bahia\/cidade\/ipiau\/\">Ipia\u00fa<\/a>, na regi\u00e3o sul da Bahia, na madrugada deste domingo (14). Os dois ve\u00edculos bateram de frente na Avenida Rio Branco, no centro da cidade, e um deles estava com tr\u00eas passageiros a bordo.<\/p>\n<\/div>\n<div class=\"wall protected-content\">\n<div class=\"mc-column content-text active-extra-styles \" data-block-type=\"unstyled\" data-block-weight=\"56\" data-block-id=\"4\">\n<p class=\"content-text__container \" data-track-category=\"Link no Texto\" data-track-links=\"\">De acordo com a Pol\u00edcia Civil, o condutor de uma das motos foi identificado como Iago Lima Bastos, de 21 anos, e morreu ainda no local. A outra pessoa que n\u00e3o resistiu ap\u00f3s o acidente era o condutor do outro ve\u00edculo, de nome Valdir Leal Machado, de 34 anos, que teve o \u00f3bito confirmado no hospital.<\/p>\n<div class=\"mc-column content-text active-extra-styles \" data-block-type=\"unstyled\" data-block-weight=\"30\" data-block-id=\"6\">\n<p class=\"content-text__container \" data-track-category=\"Link no Texto\" data-track-links=\"\">Todos os feridos foram levados para o Hospital Geral Prado Valadares, em\u00a0<a href=\"https:\/\/g1.globo.com\/ba\/bahia\/cidade\/jequie\/\">Jequi\u00e9<\/a>, cidade cerca de 50 quil\u00f4metros distante. O estado de sa\u00fade dos passageiros das motocicletas n\u00e3o foi divulgado.<\/p>\n<\/div>\n<div class=\"mc-column content-text active-extra-styles \" data-block-type=\"unstyled\" data-block-weight=\"38\" data-block-id=\"7\">\n<p class=\"content-text__container \" data-track-category=\"Link no Texto\" data-track-links=\"\">Os corpos de Iago e Valdir foram levados para o Departamento de Pol\u00edcia T\u00e9cnica (DPT) de Jequi\u00e9, para exame de necropsia, e ser\u00e3o encaminhados aos familiares para os demais procedimentos. Detalhes sobre vel\u00f3rio e sepultamento n\u00e3o foram divulgados.<\/p>\n<\/div>\n<\/div>\n<\/div>\n","protected":false},"excerpt":{"rendered":"<p>Uma colis\u00e3o entre duas motocicletas resultou em duas mortes e outras tr\u00eas pessoas feridas em\u00a0Ipia\u00fa, na regi\u00e3o sul da Bahia, na madrugada deste domingo (14). Os dois ve\u00edculos bateram de frente na Avenida Rio Branco, no centro da cidade, e um deles estava com tr\u00eas passageiros a bordo. De acordo com a Pol\u00edcia Civil, o [&hellip;]<\/p>\n","protected":false},"author":2,"featured_media":104128,"comment_status":"open","ping_status":"open","sticky":false,"template":"","format":"standard","meta":{"footnotes":"","_links_to":"","_links_to_target":""},"categories":[1],"tags":[],"class_list":["post-104127","post","type-post","status-publish","format-standard","has-post-thumbnail","hentry","category-geral"],"views":797,"_links":{"self":[{"href":"https:\/\/www.sudoestehoje.com.br\/novoportal\/wp-json\/wp\/v2\/posts\/104127","targetHints":{"allow":["GET"]}}],"collection":[{"href":"https:\/\/www.sudoestehoje.com.br\/novoportal\/wp-json\/wp\/v2\/posts"}],"about":[{"href":"https:\/\/www.sudoestehoje.com.br\/novoportal\/wp-json\/wp\/v2\/types\/post"}],"author":[{"embeddable":true,"href":"https:\/\/www.sudoestehoje.com.br\/novoportal\/wp-json\/wp\/v2\/users\/2"}],"replies":[{"embeddable":true,"href":"https:\/\/www.sudoestehoje.com.br\/novoportal\/wp-json\/wp\/v2\/comments?post=104127"}],"version-history":[{"count":1,"href":"https:\/\/www.sudoestehoje.com.br\/novoportal\/wp-json\/wp\/v2\/posts\/104127\/revisions"}],"predecessor-version":[{"id":104129,"href":"https:\/\/www.sudoestehoje.com.br\/novoportal\/wp-json\/wp\/v2\/posts\/104127\/revisions\/104129"}],"wp:featuredmedia":[{"embeddable":true,"href":"https:\/\/www.sudoestehoje.com.br\/novoportal\/wp-json\/wp\/v2\/media\/104128"}],"wp:attachment":[{"href":"https:\/\/www.sudoestehoje.com.br\/novoportal\/wp-json\/wp\/v2\/media?parent=104127"}],"wp:term":[{"taxonomy":"category","embeddable":true,"href":"https:\/\/www.sudoestehoje.com.br\/novoportal\/wp-json\/wp\/v2\/categories?post=104127"},{"taxonomy":"post_tag","embeddable":true,"href":"https:\/\/www.sudoestehoje.com.br\/novoportal\/wp-json\/wp\/v2\/tags?post=104127"}],"curies":[{"name":"wp","href":"https:\/\/api.w.org\/{rel}","templated":true}]}}