
{"id":104087,"date":"2022-08-14T22:24:28","date_gmt":"2022-08-15T01:24:28","guid":{"rendered":"https:\/\/www.sudoestehoje.com.br\/novoportal\/?p=104087"},"modified":"2022-08-14T22:24:28","modified_gmt":"2022-08-15T01:24:28","slug":"jequie-carreta-cegonha-tomba-e-pega-fogo-em-trecho-urbano-da-br-116","status":"publish","type":"post","link":"https:\/\/www.sudoestehoje.com.br\/novoportal\/2022\/08\/14\/jequie-carreta-cegonha-tomba-e-pega-fogo-em-trecho-urbano-da-br-116\/","title":{"rendered":"JEQUI\u00c9 | CARRETA CEGONHA TOMBA E PEGA FOGO EM TRECHO URBANO DA BR-116"},"content":{"rendered":"<p><a href=\"https:\/\/www.sudoestehoje.com.br\/novoportal\/wp-content\/uploads\/2022\/08\/204452-jequie-carreta-cegonha-tomba-e-pega-fogo-na-rodovia-br-116.jpg\"><img loading=\"lazy\" decoding=\"async\" class=\"aligncenter size-medium wp-image-104090\" src=\"https:\/\/www.sudoestehoje.com.br\/novoportal\/wp-content\/uploads\/2022\/08\/204452-jequie-carreta-cegonha-tomba-e-pega-fogo-na-rodovia-br-116-500x263.jpg\" alt=\"\" width=\"500\" height=\"263\" srcset=\"https:\/\/www.sudoestehoje.com.br\/novoportal\/wp-content\/uploads\/2022\/08\/204452-jequie-carreta-cegonha-tomba-e-pega-fogo-na-rodovia-br-116-500x263.jpg 500w, https:\/\/www.sudoestehoje.com.br\/novoportal\/wp-content\/uploads\/2022\/08\/204452-jequie-carreta-cegonha-tomba-e-pega-fogo-na-rodovia-br-116-700x368.jpg 700w, https:\/\/www.sudoestehoje.com.br\/novoportal\/wp-content\/uploads\/2022\/08\/204452-jequie-carreta-cegonha-tomba-e-pega-fogo-na-rodovia-br-116-768x403.jpg 768w, https:\/\/www.sudoestehoje.com.br\/novoportal\/wp-content\/uploads\/2022\/08\/204452-jequie-carreta-cegonha-tomba-e-pega-fogo-na-rodovia-br-116.jpg 1200w\" sizes=\"auto, (max-width: 500px) 100vw, 500px\" \/><\/a><\/p>\n<p>Uma carreta cegonha pegou fogo na BR-116, ap\u00f3s tombar \u00e0s margens da pista, pr\u00f3ximo ao aterro sanit\u00e1rio da cidade de Jequi\u00e9.<\/p>\n<p>De acordo com o Blog do Marcus Frahm, o inc\u00eandio destruiu os ve\u00edculos que eram transportados pela carreta. A Pol\u00edcia Rodovi\u00e1ria Federal (PRF) foi acionada para organizar o tr\u00e2nsito na rodovia, que ficou totalmente interditada para remo\u00e7\u00e3o dos carros.<\/p>\n<p>O condutor da carreta ficou ferido e foi socorrido por uma equipe do Servi\u00e7o de Atendimento M\u00f3vel de Urg\u00eancia (Samu), para o Hospital Geral Prado Valadares.<\/p>\n","protected":false},"excerpt":{"rendered":"<p>Uma carreta cegonha pegou fogo na BR-116, ap\u00f3s tombar \u00e0s margens da pista, pr\u00f3ximo ao aterro sanit\u00e1rio da cidade de Jequi\u00e9. De acordo com o Blog do Marcus Frahm, o inc\u00eandio destruiu os ve\u00edculos que eram transportados pela carreta. A Pol\u00edcia Rodovi\u00e1ria Federal (PRF) foi acionada para organizar o tr\u00e2nsito na rodovia, que ficou totalmente [&hellip;]<\/p>\n","protected":false},"author":2,"featured_media":104090,"comment_status":"open","ping_status":"open","sticky":false,"template":"","format":"standard","meta":{"footnotes":"","_links_to":"","_links_to_target":""},"categories":[1],"tags":[],"class_list":["post-104087","post","type-post","status-publish","format-standard","has-post-thumbnail","hentry","category-geral"],"views":690,"_links":{"self":[{"href":"https:\/\/www.sudoestehoje.com.br\/novoportal\/wp-json\/wp\/v2\/posts\/104087","targetHints":{"allow":["GET"]}}],"collection":[{"href":"https:\/\/www.sudoestehoje.com.br\/novoportal\/wp-json\/wp\/v2\/posts"}],"about":[{"href":"https:\/\/www.sudoestehoje.com.br\/novoportal\/wp-json\/wp\/v2\/types\/post"}],"author":[{"embeddable":true,"href":"https:\/\/www.sudoestehoje.com.br\/novoportal\/wp-json\/wp\/v2\/users\/2"}],"replies":[{"embeddable":true,"href":"https:\/\/www.sudoestehoje.com.br\/novoportal\/wp-json\/wp\/v2\/comments?post=104087"}],"version-history":[{"count":2,"href":"https:\/\/www.sudoestehoje.com.br\/novoportal\/wp-json\/wp\/v2\/posts\/104087\/revisions"}],"predecessor-version":[{"id":104091,"href":"https:\/\/www.sudoestehoje.com.br\/novoportal\/wp-json\/wp\/v2\/posts\/104087\/revisions\/104091"}],"wp:featuredmedia":[{"embeddable":true,"href":"https:\/\/www.sudoestehoje.com.br\/novoportal\/wp-json\/wp\/v2\/media\/104090"}],"wp:attachment":[{"href":"https:\/\/www.sudoestehoje.com.br\/novoportal\/wp-json\/wp\/v2\/media?parent=104087"}],"wp:term":[{"taxonomy":"category","embeddable":true,"href":"https:\/\/www.sudoestehoje.com.br\/novoportal\/wp-json\/wp\/v2\/categories?post=104087"},{"taxonomy":"post_tag","embeddable":true,"href":"https:\/\/www.sudoestehoje.com.br\/novoportal\/wp-json\/wp\/v2\/tags?post=104087"}],"curies":[{"name":"wp","href":"https:\/\/api.w.org\/{rel}","templated":true}]}}