
{"id":104054,"date":"2022-08-11T09:19:36","date_gmt":"2022-08-11T12:19:36","guid":{"rendered":"https:\/\/www.sudoestehoje.com.br\/novoportal\/?p=104054"},"modified":"2022-08-11T09:23:07","modified_gmt":"2022-08-11T12:23:07","slug":"mobilidade-ciclistas-sao-obrigados-a-obedecer-as-leis-de-transito-segundo-ctb","status":"publish","type":"post","link":"https:\/\/www.sudoestehoje.com.br\/novoportal\/2022\/08\/11\/mobilidade-ciclistas-sao-obrigados-a-obedecer-as-leis-de-transito-segundo-ctb\/","title":{"rendered":"MOBILIDADE | CICLISTAS S\u00c3O OBRIGADOS A OBEDECER AS LEIS DE TR\u00c2NSITO, SEGUNDO CTB"},"content":{"rendered":"<p><a href=\"https:\/\/www.sudoestehoje.com.br\/novoportal\/wp-content\/uploads\/2022\/08\/A08_Copa-Itapetininga-de-Ciclismo-Speed.jpeg\"><img loading=\"lazy\" decoding=\"async\" class=\"aligncenter size-medium wp-image-104057\" src=\"https:\/\/www.sudoestehoje.com.br\/novoportal\/wp-content\/uploads\/2022\/08\/A08_Copa-Itapetininga-de-Ciclismo-Speed-500x343.jpeg\" alt=\"\" width=\"500\" height=\"343\" srcset=\"https:\/\/www.sudoestehoje.com.br\/novoportal\/wp-content\/uploads\/2022\/08\/A08_Copa-Itapetininga-de-Ciclismo-Speed-500x343.jpeg 500w, https:\/\/www.sudoestehoje.com.br\/novoportal\/wp-content\/uploads\/2022\/08\/A08_Copa-Itapetininga-de-Ciclismo-Speed.jpeg 651w\" sizes=\"auto, (max-width: 500px) 100vw, 500px\" \/><\/a><\/p>\n<p>Andar de bicicleta \u00e9 bom para a sa\u00fade, para a fluidez do tr\u00e2nsito e muito melhor para o planeta, por\u00e9m com a bicicleta sendo um ve\u00edculo cada vez mais utilizado j\u00e1 n\u00e3o \u00e9 mais t\u00e3o dif\u00edcil ouvir not\u00edcias e relatos de acidentes envolvendo ciclistas, como o que aconteceu recentemente com o<strong> ex-vereador de Itapetinga, Ediel Rios<\/strong>, dentre outros.<\/p>\n<p>Mesmo com todos os pontos favor\u00e1veis <strong>\u00e9 preciso cuidado e aten\u00e7\u00e3o \u00e0s leis de tr\u00e2nsito<\/strong> para que uma pr\u00e1tica t\u00e3o agrad\u00e1vel n\u00e3o acabe numa trag\u00e9dia.<\/p>\n<p>De acordo com o C\u00f3digo de Tr\u00e2nsito Brasileiro (CTB), a <strong>bicicleta \u00e9 um ve\u00edculo<\/strong> (de propuls\u00e3o humana) e o ciclista, por este motivo, quando est\u00e1 pedalando,<strong> deve respeitar todas as regras de tr\u00e2nsito, como sem\u00e1foros, sinaliza\u00e7\u00e3o e circula\u00e7\u00e3o na m\u00e3o correta de dire\u00e7\u00e3o.<\/strong><\/p>\n<p>Para o coordenador da Comutran, em Itapetinga, Neto Ferraz, os ciclistas s\u00e3o mais vulner\u00e1veis e expiram maiores cuidados.<em> &#8220;Os ciclistas devem pedalar defensivamente e estar muito atentos, pois eles s\u00e3o menos vis\u00edveis e menos protegidos do que os outros usu\u00e1rios das vias p\u00fablicas&#8221;<\/em>, afirma.<\/p>\n<p>Segundo o CTB os ciclistas devem utilizar ciclofaixas, ciclovias ou acostamentos. Quando n\u00e3o houver, devem usar o bordo direito da pista, no mesmo sentido dos demais ve\u00edculos. Ainda de acordo com o CTB, \u00e9 proibido pedalar em cal\u00e7adas, passarelas e outras vias exclusivas para pedestres.<\/p>\n<p><a href=\"https:\/\/www.sudoestehoje.com.br\/novoportal\/wp-content\/uploads\/2022\/08\/codigo-de-transito-bicicletas-ciclistas-placas.png\"><img loading=\"lazy\" decoding=\"async\" class=\"aligncenter size-medium wp-image-104056\" src=\"https:\/\/www.sudoestehoje.com.br\/novoportal\/wp-content\/uploads\/2022\/08\/codigo-de-transito-bicicletas-ciclistas-placas-500x452.png\" alt=\"\" width=\"500\" height=\"452\" srcset=\"https:\/\/www.sudoestehoje.com.br\/novoportal\/wp-content\/uploads\/2022\/08\/codigo-de-transito-bicicletas-ciclistas-placas-500x452.png 500w, https:\/\/www.sudoestehoje.com.br\/novoportal\/wp-content\/uploads\/2022\/08\/codigo-de-transito-bicicletas-ciclistas-placas.png 578w\" sizes=\"auto, (max-width: 500px) 100vw, 500px\" \/><\/a><\/p>\n<p><strong>Orienta\u00e7\u00f5es:<\/strong><\/p>\n<p>&#8211; Quando houver ciclovias, ciclo-faixas ou acostamento devem ser utilizados, obrigatoriamente;<\/p>\n<p>&#8211; A circula\u00e7\u00e3o de ciclistas na cal\u00e7ada s\u00f3\u00a0\u00e9\u00a0permitida se houver sinaliza\u00e7\u00e3o espec\u00edfica autorizando;<\/p>\n<p>&#8211; Cuidados especiais\u00a0sob condi\u00e7\u00f5es\u00a0adversas, como: chuva, aclives, declives, tipos de pavimentos, cruzamentos, buracos, pontos cegos de vis\u00e3o,\u00a0etc;<\/p>\n<p>&#8211; Quando estiver em grupo, ande sempre em fila\u00a0\u00fanica;<\/p>\n<p>&#8211; Use sempre capacete e\u00a0\u00f3culos, para prote\u00e7\u00e3o da cabe\u00e7a\u00a0e olhos;<\/p>\n<p>&#8211; Nunca pegue carona na traseira de\u00a0\u00f4nibus e caminh\u00f5es.<\/p>\n<p><strong><em>Com informa\u00e7\u00f5es do Denatran<\/em><\/strong><\/p>\n","protected":false},"excerpt":{"rendered":"<p>Andar de bicicleta \u00e9 bom para a sa\u00fade, para a fluidez do tr\u00e2nsito e muito melhor para o planeta, por\u00e9m com a bicicleta sendo um ve\u00edculo cada vez mais utilizado j\u00e1 n\u00e3o \u00e9 mais t\u00e3o dif\u00edcil ouvir not\u00edcias e relatos de acidentes envolvendo ciclistas, como o que aconteceu recentemente com o ex-vereador de Itapetinga, Ediel [&hellip;]<\/p>\n","protected":false},"author":2,"featured_media":104057,"comment_status":"open","ping_status":"open","sticky":false,"template":"","format":"standard","meta":{"footnotes":"","_links_to":"","_links_to_target":""},"categories":[1],"tags":[],"class_list":["post-104054","post","type-post","status-publish","format-standard","has-post-thumbnail","hentry","category-geral"],"views":869,"_links":{"self":[{"href":"https:\/\/www.sudoestehoje.com.br\/novoportal\/wp-json\/wp\/v2\/posts\/104054","targetHints":{"allow":["GET"]}}],"collection":[{"href":"https:\/\/www.sudoestehoje.com.br\/novoportal\/wp-json\/wp\/v2\/posts"}],"about":[{"href":"https:\/\/www.sudoestehoje.com.br\/novoportal\/wp-json\/wp\/v2\/types\/post"}],"author":[{"embeddable":true,"href":"https:\/\/www.sudoestehoje.com.br\/novoportal\/wp-json\/wp\/v2\/users\/2"}],"replies":[{"embeddable":true,"href":"https:\/\/www.sudoestehoje.com.br\/novoportal\/wp-json\/wp\/v2\/comments?post=104054"}],"version-history":[{"count":4,"href":"https:\/\/www.sudoestehoje.com.br\/novoportal\/wp-json\/wp\/v2\/posts\/104054\/revisions"}],"predecessor-version":[{"id":104060,"href":"https:\/\/www.sudoestehoje.com.br\/novoportal\/wp-json\/wp\/v2\/posts\/104054\/revisions\/104060"}],"wp:featuredmedia":[{"embeddable":true,"href":"https:\/\/www.sudoestehoje.com.br\/novoportal\/wp-json\/wp\/v2\/media\/104057"}],"wp:attachment":[{"href":"https:\/\/www.sudoestehoje.com.br\/novoportal\/wp-json\/wp\/v2\/media?parent=104054"}],"wp:term":[{"taxonomy":"category","embeddable":true,"href":"https:\/\/www.sudoestehoje.com.br\/novoportal\/wp-json\/wp\/v2\/categories?post=104054"},{"taxonomy":"post_tag","embeddable":true,"href":"https:\/\/www.sudoestehoje.com.br\/novoportal\/wp-json\/wp\/v2\/tags?post=104054"}],"curies":[{"name":"wp","href":"https:\/\/api.w.org\/{rel}","templated":true}]}}