
{"id":104021,"date":"2022-08-10T17:55:42","date_gmt":"2022-08-10T20:55:42","guid":{"rendered":"https:\/\/www.sudoestehoje.com.br\/novoportal\/?p=104021"},"modified":"2022-08-10T17:58:56","modified_gmt":"2022-08-10T20:58:56","slug":"itapetinga-carlao-de-palmares-assume-vaga-de-luciano-na-camara-municipal","status":"publish","type":"post","link":"https:\/\/www.sudoestehoje.com.br\/novoportal\/2022\/08\/10\/itapetinga-carlao-de-palmares-assume-vaga-de-luciano-na-camara-municipal\/","title":{"rendered":"ITAPETINGA | CARL\u00c3O DE PALMARES ASSUME VAGA DE LUCIANO NA C\u00c2MARA MUNICIPAL"},"content":{"rendered":"<p><a href=\"https:\/\/www.sudoestehoje.com.br\/novoportal\/wp-content\/uploads\/2022\/08\/FBA50000969287_div.jpg\"><img loading=\"lazy\" decoding=\"async\" class=\"wp-image-104022 aligncenter\" src=\"https:\/\/www.sudoestehoje.com.br\/novoportal\/wp-content\/uploads\/2022\/08\/FBA50000969287_div.jpg\" alt=\"\" width=\"500\" height=\"475\" \/><\/a><\/p>\n<p>Eleito 1\u00ba suplente de vereador pelo MDB nas elei\u00e7\u00f5es municipais de 2020, <strong>Carl\u00e3o de Palmares<\/strong> assume a vaga de titular na C\u00e2mara Municipal de Itapetinga, ap\u00f3s a pedido de licen\u00e7a do vereador Luciano Almeida para ocupar o cargo de Secret\u00e1rio Municipal do Meio Ambiente, nesta quarta-feira (10).<\/p>\n<p>Considerado a maior for\u00e7a pol\u00edtica atual do povoado de Palmares, em Itapetinga, Carl\u00e3o disputou uma vaga no Legislativo municipal pela segunda vez, obtendo<strong> 862 votos<\/strong> nas \u00faltimas elei\u00e7\u00f5es.<\/p>\n<p>O novo vereador assume a vaga na c\u00e2mara de vereadores nesta quinta-feira (11), com expectativa de realizar um bom trabalho no povoado de Palmares e toda a zona rural, al\u00e9m da sede do munic\u00edpio onde obteve excelente vota\u00e7\u00e3o.<\/p>\n<p><strong><em>Por Davi Ferraz\u00a0<\/em><\/strong><\/p>\n","protected":false},"excerpt":{"rendered":"<p>Eleito 1\u00ba suplente de vereador pelo MDB nas elei\u00e7\u00f5es municipais de 2020, Carl\u00e3o de Palmares assume a vaga de titular na C\u00e2mara Municipal de Itapetinga, ap\u00f3s a pedido de licen\u00e7a do vereador Luciano Almeida para ocupar o cargo de Secret\u00e1rio Municipal do Meio Ambiente, nesta quarta-feira (10). Considerado a maior for\u00e7a pol\u00edtica atual do povoado [&hellip;]<\/p>\n","protected":false},"author":2,"featured_media":104022,"comment_status":"open","ping_status":"open","sticky":false,"template":"","format":"standard","meta":{"footnotes":"","_links_to":"","_links_to_target":""},"categories":[1],"tags":[],"class_list":["post-104021","post","type-post","status-publish","format-standard","has-post-thumbnail","hentry","category-geral"],"views":980,"_links":{"self":[{"href":"https:\/\/www.sudoestehoje.com.br\/novoportal\/wp-json\/wp\/v2\/posts\/104021","targetHints":{"allow":["GET"]}}],"collection":[{"href":"https:\/\/www.sudoestehoje.com.br\/novoportal\/wp-json\/wp\/v2\/posts"}],"about":[{"href":"https:\/\/www.sudoestehoje.com.br\/novoportal\/wp-json\/wp\/v2\/types\/post"}],"author":[{"embeddable":true,"href":"https:\/\/www.sudoestehoje.com.br\/novoportal\/wp-json\/wp\/v2\/users\/2"}],"replies":[{"embeddable":true,"href":"https:\/\/www.sudoestehoje.com.br\/novoportal\/wp-json\/wp\/v2\/comments?post=104021"}],"version-history":[{"count":6,"href":"https:\/\/www.sudoestehoje.com.br\/novoportal\/wp-json\/wp\/v2\/posts\/104021\/revisions"}],"predecessor-version":[{"id":104028,"href":"https:\/\/www.sudoestehoje.com.br\/novoportal\/wp-json\/wp\/v2\/posts\/104021\/revisions\/104028"}],"wp:featuredmedia":[{"embeddable":true,"href":"https:\/\/www.sudoestehoje.com.br\/novoportal\/wp-json\/wp\/v2\/media\/104022"}],"wp:attachment":[{"href":"https:\/\/www.sudoestehoje.com.br\/novoportal\/wp-json\/wp\/v2\/media?parent=104021"}],"wp:term":[{"taxonomy":"category","embeddable":true,"href":"https:\/\/www.sudoestehoje.com.br\/novoportal\/wp-json\/wp\/v2\/categories?post=104021"},{"taxonomy":"post_tag","embeddable":true,"href":"https:\/\/www.sudoestehoje.com.br\/novoportal\/wp-json\/wp\/v2\/tags?post=104021"}],"curies":[{"name":"wp","href":"https:\/\/api.w.org\/{rel}","templated":true}]}}