
{"id":104000,"date":"2022-08-10T10:45:08","date_gmt":"2022-08-10T13:45:08","guid":{"rendered":"https:\/\/www.sudoestehoje.com.br\/novoportal\/?p=104000"},"modified":"2022-08-10T12:01:00","modified_gmt":"2022-08-10T15:01:00","slug":"quentinha-atuais","status":"publish","type":"post","link":"https:\/\/www.sudoestehoje.com.br\/novoportal\/2022\/08\/10\/quentinha-atuais\/","title":{"rendered":"QUENTINHAS ATUAIS"},"content":{"rendered":"<p><a href=\"https:\/\/www.sudoestehoje.com.br\/novoportal\/wp-content\/uploads\/2022\/08\/images-4.jpg\"><img loading=\"lazy\" decoding=\"async\" class=\"aligncenter wp-image-104001\" src=\"https:\/\/www.sudoestehoje.com.br\/novoportal\/wp-content\/uploads\/2022\/08\/images-4.jpg\" alt=\"\" width=\"233\" height=\"233\" srcset=\"https:\/\/www.sudoestehoje.com.br\/novoportal\/wp-content\/uploads\/2022\/08\/images-4.jpg 225w, https:\/\/www.sudoestehoje.com.br\/novoportal\/wp-content\/uploads\/2022\/08\/images-4-150x150.jpg 150w\" sizes=\"auto, (max-width: 233px) 100vw, 233px\" \/><\/a><\/p>\n<p>JER\u00d4NIMO VIROU \u00cdNDIO<\/p>\n<p>A estrat\u00e9gia do candidato petista ao governo da Bahia, Jer\u00f4nimo Rodrigues, que se auto declarou &#8216;\u00edndio&#8217; no registro da candidatura junto ao TSE, cheira burrice eleitoreira, j\u00e1 que sua irm\u00e3o de pai e m\u00e3e se declarou &#8216;negra&#8217; ao registrar a candidatura para deputada federal pelo PT. Jogada de marketing n\u00e3o pode ser, j\u00e1 que o peso dos ind\u00edgenas nas urnas baianas \u00e9 \u00ednfimo, comparado aos negros, que representam cerca de 80% da popula\u00e7\u00e3o e eleitorado baiano. Foi burrice mesmo.<\/p>\n<p><a href=\"https:\/\/www.sudoestehoje.com.br\/novoportal\/wp-content\/uploads\/2022\/08\/download-18.jpg\"><img loading=\"lazy\" decoding=\"async\" class=\"aligncenter wp-image-104002\" src=\"https:\/\/www.sudoestehoje.com.br\/novoportal\/wp-content\/uploads\/2022\/08\/download-18.jpg\" alt=\"\" width=\"233\" height=\"155\" \/><\/a><\/p>\n<p>CANDIDATO A DEPUTADO DO MDB &#8216;CEPOU&#8217; A POLICL\u00cdNICA<\/p>\n<p>Uma das mais importantes demandas de Itapetinga junto ao governo Rui Costa foi a constru\u00e7\u00e3o de uma Policl\u00ednica no munic\u00edpio, para atender toda a regi\u00e3o, mas o Secret\u00e1rio Estadual de Sa\u00fade da \u00e9poca &#8216;cepou&#8217; Itapetinga, argumentando &#8220;quest\u00f5es populacionais&#8221; que em outros munic\u00edpios n\u00e3o foram levados em conta. Brumado \u00e9 um exemplo disso. Agora, pelo MDB, o ex-secret\u00e1rio que esnobou de Itapetinga campeia pela cidade pedindo voto para deputado federal, com o apoio da <em>trairagem<\/em> local. Quero s\u00f3 ver a cara&#8230;<\/p>\n<p><a href=\"https:\/\/www.sudoestehoje.com.br\/novoportal\/wp-content\/uploads\/2022\/08\/antoniobritobahia_20220521_p_2842750881071626488_1_2842750875014928190-001-420x281-1.jpg\"><img loading=\"lazy\" decoding=\"async\" class=\"aligncenter wp-image-104004\" src=\"https:\/\/www.sudoestehoje.com.br\/novoportal\/wp-content\/uploads\/2022\/08\/antoniobritobahia_20220521_p_2842750881071626488_1_2842750875014928190-001-420x281-1.jpg\" alt=\"\" width=\"233\" height=\"156\" \/><\/a><\/p>\n<p>COTA\u00c7\u00c3O PARA DEPUTADO FEDERAL E ESTADUAL<\/p>\n<p>Proje\u00e7\u00f5es de observadores pol\u00edticos locais d\u00e3o conta de que pouca coisa ou quase nada vai mudar no quadro eleitoral, para deputado federal e estadual no munic\u00edpio de Itapetinga. <strong>Ant\u00f4nio Brito (PSD)<\/strong> continua com larga vantagem para deputado federal, acompanhado por <strong>Pedro Tavares (UB)<\/strong> para deputado estadual. <strong>Artur Maia (UB)<\/strong> tem forte apoio e deve obter vota\u00e7\u00e3o expressiva para federal, enquanto<strong> Paulo C\u00e2mara(PSDB)<\/strong> deve melhorar em muito o seu desempenho na esfera estadual, com o forte apoio do agroneg\u00f3cio. A partir da\u00ed vem o famoso &#8220;xar\u00e9u&#8221;&#8230;<\/p>\n","protected":false},"excerpt":{"rendered":"<p>JER\u00d4NIMO VIROU \u00cdNDIO A estrat\u00e9gia do candidato petista ao governo da Bahia, Jer\u00f4nimo Rodrigues, que se auto declarou &#8216;\u00edndio&#8217; no registro da candidatura junto ao TSE, cheira burrice eleitoreira, j\u00e1 que sua irm\u00e3o de pai e m\u00e3e se declarou &#8216;negra&#8217; ao registrar a candidatura para deputada federal pelo PT. Jogada de marketing n\u00e3o pode ser, [&hellip;]<\/p>\n","protected":false},"author":2,"featured_media":104001,"comment_status":"open","ping_status":"open","sticky":false,"template":"","format":"standard","meta":{"footnotes":"","_links_to":"","_links_to_target":""},"categories":[11],"tags":[],"class_list":["post-104000","post","type-post","status-publish","format-standard","has-post-thumbnail","hentry","category-quentinhas"],"views":1106,"_links":{"self":[{"href":"https:\/\/www.sudoestehoje.com.br\/novoportal\/wp-json\/wp\/v2\/posts\/104000","targetHints":{"allow":["GET"]}}],"collection":[{"href":"https:\/\/www.sudoestehoje.com.br\/novoportal\/wp-json\/wp\/v2\/posts"}],"about":[{"href":"https:\/\/www.sudoestehoje.com.br\/novoportal\/wp-json\/wp\/v2\/types\/post"}],"author":[{"embeddable":true,"href":"https:\/\/www.sudoestehoje.com.br\/novoportal\/wp-json\/wp\/v2\/users\/2"}],"replies":[{"embeddable":true,"href":"https:\/\/www.sudoestehoje.com.br\/novoportal\/wp-json\/wp\/v2\/comments?post=104000"}],"version-history":[{"count":3,"href":"https:\/\/www.sudoestehoje.com.br\/novoportal\/wp-json\/wp\/v2\/posts\/104000\/revisions"}],"predecessor-version":[{"id":104012,"href":"https:\/\/www.sudoestehoje.com.br\/novoportal\/wp-json\/wp\/v2\/posts\/104000\/revisions\/104012"}],"wp:featuredmedia":[{"embeddable":true,"href":"https:\/\/www.sudoestehoje.com.br\/novoportal\/wp-json\/wp\/v2\/media\/104001"}],"wp:attachment":[{"href":"https:\/\/www.sudoestehoje.com.br\/novoportal\/wp-json\/wp\/v2\/media?parent=104000"}],"wp:term":[{"taxonomy":"category","embeddable":true,"href":"https:\/\/www.sudoestehoje.com.br\/novoportal\/wp-json\/wp\/v2\/categories?post=104000"},{"taxonomy":"post_tag","embeddable":true,"href":"https:\/\/www.sudoestehoje.com.br\/novoportal\/wp-json\/wp\/v2\/tags?post=104000"}],"curies":[{"name":"wp","href":"https:\/\/api.w.org\/{rel}","templated":true}]}}