
{"id":103993,"date":"2022-08-09T22:44:24","date_gmt":"2022-08-10T01:44:24","guid":{"rendered":"https:\/\/www.sudoestehoje.com.br\/novoportal\/?p=103993"},"modified":"2022-08-09T22:44:24","modified_gmt":"2022-08-10T01:44:24","slug":"intermunicipal-eduardo-bahia-sera-o-novo-tecnico-da-selecao-de-itapetinga","status":"publish","type":"post","link":"https:\/\/www.sudoestehoje.com.br\/novoportal\/2022\/08\/09\/intermunicipal-eduardo-bahia-sera-o-novo-tecnico-da-selecao-de-itapetinga\/","title":{"rendered":"INTERMUNICIPAL: EDUARDO BAHIA SER\u00c1 O NOVO T\u00c9CNICO DA SELE\u00c7\u00c3O DE ITAPETINGA"},"content":{"rendered":"<p><a href=\"https:\/\/www.sudoestehoje.com.br\/novoportal\/wp-content\/uploads\/2022\/08\/WhatsApp-Image-2022-08-09-at-22.42.03.jpeg\"><img loading=\"lazy\" decoding=\"async\" class=\"aligncenter size-full wp-image-103996\" src=\"https:\/\/www.sudoestehoje.com.br\/novoportal\/wp-content\/uploads\/2022\/08\/WhatsApp-Image-2022-08-09-at-22.42.03.jpeg\" alt=\"\" width=\"478\" height=\"439\" \/><\/a><\/p>\n<p>A Liga Amadorista dos Desportos de Itapetinga (LADI) acertou na noite desta ter\u00e7a-feira (9) a contrata\u00e7\u00e3o do t\u00e9cnico Eduardo Bahia.\u00a0O novo comandante do Touro do Sudoeste j\u00e1 comandou o Jequi\u00e9, PFC-Cajazeiras e Vit\u00f3ria da Conquista com aproveitamento superior a 60%.<\/p>\n<p>Em sua trajet\u00f3ria como treinador, ele conquistou o t\u00edtulo da Copa Governador do Estado, de forma invicta pelo Vit\u00f3ria da Conquista em 2016.<\/p>\n<p>Ex-goleiro do Flamengo, Eduardo realizou est\u00e1gio no S\u00e3o Paulo com Tel\u00ea Santana. Bahia ainda integrou a comiss\u00e3o t\u00e9cnica do Vit\u00f3ria &#8211; Vice-campe\u00e3o Brasileiro &#8211; S\u00e9rie A em 1993.\u00a0O profissional trabalhou em grandes clubes do futebol brasileiro como Atl\u00e9tico\/MG, Bahia e Santos, como tamb\u00e9m na Sele\u00e7\u00e3o Brasileira (Base).<\/p>\n<p>De acordo com o presidente da LADI, Cloves Silva, o novo treinador inicia na pr\u00f3xima quinta-feira (11), pela manh\u00e3, os trabalhos \u00e0 frente do selecionado tricolor. \/\/<em>Ascom LADI<\/em><\/p>\n","protected":false},"excerpt":{"rendered":"<p>A Liga Amadorista dos Desportos de Itapetinga (LADI) acertou na noite desta ter\u00e7a-feira (9) a contrata\u00e7\u00e3o do t\u00e9cnico Eduardo Bahia.\u00a0O novo comandante do Touro do Sudoeste j\u00e1 comandou o Jequi\u00e9, PFC-Cajazeiras e Vit\u00f3ria da Conquista com aproveitamento superior a 60%. Em sua trajet\u00f3ria como treinador, ele conquistou o t\u00edtulo da Copa Governador do Estado, de [&hellip;]<\/p>\n","protected":false},"author":2,"featured_media":103996,"comment_status":"open","ping_status":"open","sticky":false,"template":"","format":"standard","meta":{"footnotes":"","_links_to":"","_links_to_target":""},"categories":[1],"tags":[],"class_list":["post-103993","post","type-post","status-publish","format-standard","has-post-thumbnail","hentry","category-geral"],"views":883,"_links":{"self":[{"href":"https:\/\/www.sudoestehoje.com.br\/novoportal\/wp-json\/wp\/v2\/posts\/103993","targetHints":{"allow":["GET"]}}],"collection":[{"href":"https:\/\/www.sudoestehoje.com.br\/novoportal\/wp-json\/wp\/v2\/posts"}],"about":[{"href":"https:\/\/www.sudoestehoje.com.br\/novoportal\/wp-json\/wp\/v2\/types\/post"}],"author":[{"embeddable":true,"href":"https:\/\/www.sudoestehoje.com.br\/novoportal\/wp-json\/wp\/v2\/users\/2"}],"replies":[{"embeddable":true,"href":"https:\/\/www.sudoestehoje.com.br\/novoportal\/wp-json\/wp\/v2\/comments?post=103993"}],"version-history":[{"count":4,"href":"https:\/\/www.sudoestehoje.com.br\/novoportal\/wp-json\/wp\/v2\/posts\/103993\/revisions"}],"predecessor-version":[{"id":103998,"href":"https:\/\/www.sudoestehoje.com.br\/novoportal\/wp-json\/wp\/v2\/posts\/103993\/revisions\/103998"}],"wp:featuredmedia":[{"embeddable":true,"href":"https:\/\/www.sudoestehoje.com.br\/novoportal\/wp-json\/wp\/v2\/media\/103996"}],"wp:attachment":[{"href":"https:\/\/www.sudoestehoje.com.br\/novoportal\/wp-json\/wp\/v2\/media?parent=103993"}],"wp:term":[{"taxonomy":"category","embeddable":true,"href":"https:\/\/www.sudoestehoje.com.br\/novoportal\/wp-json\/wp\/v2\/categories?post=103993"},{"taxonomy":"post_tag","embeddable":true,"href":"https:\/\/www.sudoestehoje.com.br\/novoportal\/wp-json\/wp\/v2\/tags?post=103993"}],"curies":[{"name":"wp","href":"https:\/\/api.w.org\/{rel}","templated":true}]}}