
{"id":103985,"date":"2022-08-09T20:54:10","date_gmt":"2022-08-09T23:54:10","guid":{"rendered":"https:\/\/www.sudoestehoje.com.br\/novoportal\/?p=103985"},"modified":"2022-08-09T20:59:31","modified_gmt":"2022-08-09T23:59:31","slug":"acm-neto-convoca-coletiva-para-anunciar-permanencia-de-ze-ronaldo-no-grupo","status":"publish","type":"post","link":"https:\/\/www.sudoestehoje.com.br\/novoportal\/2022\/08\/09\/acm-neto-convoca-coletiva-para-anunciar-permanencia-de-ze-ronaldo-no-grupo\/","title":{"rendered":"ACM NETO CONVOCA COLETIVA PARA ANUNCIAR PERMAN\u00caNCIA DE Z\u00c9 RONALDO NO GRUPO"},"content":{"rendered":"<p><a href=\"https:\/\/www.sudoestehoje.com.br\/novoportal\/wp-content\/uploads\/2022\/08\/Chamada-Home_01202453_00.jpg\"><img loading=\"lazy\" decoding=\"async\" class=\"size-medium wp-image-103989\" src=\"https:\/\/www.sudoestehoje.com.br\/novoportal\/wp-content\/uploads\/2022\/08\/Chamada-Home_01202453_00-500x333.jpg\" alt=\"\" width=\"500\" height=\"333\" srcset=\"https:\/\/www.sudoestehoje.com.br\/novoportal\/wp-content\/uploads\/2022\/08\/Chamada-Home_01202453_00-500x333.jpg 500w, https:\/\/www.sudoestehoje.com.br\/novoportal\/wp-content\/uploads\/2022\/08\/Chamada-Home_01202453_00-700x467.jpg 700w, https:\/\/www.sudoestehoje.com.br\/novoportal\/wp-content\/uploads\/2022\/08\/Chamada-Home_01202453_00-768x512.jpg 768w, https:\/\/www.sudoestehoje.com.br\/novoportal\/wp-content\/uploads\/2022\/08\/Chamada-Home_01202453_00.jpg 900w\" sizes=\"auto, (max-width: 500px) 100vw, 500px\" \/><\/a><\/p>\n<p>O candidato ao governo da Bahia, ACM Neto, convocou uma coletiva de imprensa na quarta-feira, no munic\u00edpio de Feira de Santana, para anunciar a perman\u00eancia do ex-prefeito Jos\u00e9 Ronaldo.<\/p>\n<p>Segundo informa\u00e7\u00f5es dos bastidores, Jos\u00e9 Ronaldo deve sair candidato a deputado federal, e fortalecer a proporcional do Uni\u00e3o Brasil.<\/p>\n<p>Z\u00e9 Ronaldo chegou a ser cotado para compor a chapa majorit\u00e1ria como vice de ACM Neto, mas acabou sendo preterido e ficou chateado com o grupo pol\u00edtico do ex-prefeito de Salvador.<\/p>\n","protected":false},"excerpt":{"rendered":"<p>O candidato ao governo da Bahia, ACM Neto, convocou uma coletiva de imprensa na quarta-feira, no munic\u00edpio de Feira de Santana, para anunciar a perman\u00eancia do ex-prefeito Jos\u00e9 Ronaldo. Segundo informa\u00e7\u00f5es dos bastidores, Jos\u00e9 Ronaldo deve sair candidato a deputado federal, e fortalecer a proporcional do Uni\u00e3o Brasil. Z\u00e9 Ronaldo chegou a ser cotado para [&hellip;]<\/p>\n","protected":false},"author":2,"featured_media":103989,"comment_status":"open","ping_status":"open","sticky":false,"template":"","format":"standard","meta":{"footnotes":"","_links_to":"","_links_to_target":""},"categories":[1],"tags":[],"class_list":["post-103985","post","type-post","status-publish","format-standard","has-post-thumbnail","hentry","category-geral"],"views":827,"_links":{"self":[{"href":"https:\/\/www.sudoestehoje.com.br\/novoportal\/wp-json\/wp\/v2\/posts\/103985","targetHints":{"allow":["GET"]}}],"collection":[{"href":"https:\/\/www.sudoestehoje.com.br\/novoportal\/wp-json\/wp\/v2\/posts"}],"about":[{"href":"https:\/\/www.sudoestehoje.com.br\/novoportal\/wp-json\/wp\/v2\/types\/post"}],"author":[{"embeddable":true,"href":"https:\/\/www.sudoestehoje.com.br\/novoportal\/wp-json\/wp\/v2\/users\/2"}],"replies":[{"embeddable":true,"href":"https:\/\/www.sudoestehoje.com.br\/novoportal\/wp-json\/wp\/v2\/comments?post=103985"}],"version-history":[{"count":6,"href":"https:\/\/www.sudoestehoje.com.br\/novoportal\/wp-json\/wp\/v2\/posts\/103985\/revisions"}],"predecessor-version":[{"id":103992,"href":"https:\/\/www.sudoestehoje.com.br\/novoportal\/wp-json\/wp\/v2\/posts\/103985\/revisions\/103992"}],"wp:featuredmedia":[{"embeddable":true,"href":"https:\/\/www.sudoestehoje.com.br\/novoportal\/wp-json\/wp\/v2\/media\/103989"}],"wp:attachment":[{"href":"https:\/\/www.sudoestehoje.com.br\/novoportal\/wp-json\/wp\/v2\/media?parent=103985"}],"wp:term":[{"taxonomy":"category","embeddable":true,"href":"https:\/\/www.sudoestehoje.com.br\/novoportal\/wp-json\/wp\/v2\/categories?post=103985"},{"taxonomy":"post_tag","embeddable":true,"href":"https:\/\/www.sudoestehoje.com.br\/novoportal\/wp-json\/wp\/v2\/tags?post=103985"}],"curies":[{"name":"wp","href":"https:\/\/api.w.org\/{rel}","templated":true}]}}