
{"id":103980,"date":"2022-08-09T17:49:44","date_gmt":"2022-08-09T20:49:44","guid":{"rendered":"https:\/\/www.sudoestehoje.com.br\/novoportal\/?p=103980"},"modified":"2022-08-09T17:56:02","modified_gmt":"2022-08-09T20:56:02","slug":"celular-5g-chega-a-bahia-na-semana-que-vem","status":"publish","type":"post","link":"https:\/\/www.sudoestehoje.com.br\/novoportal\/2022\/08\/09\/celular-5g-chega-a-bahia-na-semana-que-vem\/","title":{"rendered":"CELULAR 5G CHEGA \u00c0 BAHIA NA SEMANA QUE VEM"},"content":{"rendered":"<p><a href=\"https:\/\/www.sudoestehoje.com.br\/novoportal\/wp-content\/uploads\/2022\/08\/csm_celulares_5g_b027ec1fe9.jpg\"><img loading=\"lazy\" decoding=\"async\" class=\"aligncenter size-medium wp-image-103982\" src=\"https:\/\/www.sudoestehoje.com.br\/novoportal\/wp-content\/uploads\/2022\/08\/csm_celulares_5g_b027ec1fe9-500x334.jpg\" alt=\"\" width=\"500\" height=\"334\" srcset=\"https:\/\/www.sudoestehoje.com.br\/novoportal\/wp-content\/uploads\/2022\/08\/csm_celulares_5g_b027ec1fe9-500x334.jpg 500w, https:\/\/www.sudoestehoje.com.br\/novoportal\/wp-content\/uploads\/2022\/08\/csm_celulares_5g_b027ec1fe9-700x467.jpg 700w, https:\/\/www.sudoestehoje.com.br\/novoportal\/wp-content\/uploads\/2022\/08\/csm_celulares_5g_b027ec1fe9-768x512.jpg 768w, https:\/\/www.sudoestehoje.com.br\/novoportal\/wp-content\/uploads\/2022\/08\/csm_celulares_5g_b027ec1fe9.jpg 940w\" sizes=\"auto, (max-width: 500px) 100vw, 500px\" \/><\/a><\/p>\n<p class=\"bodytext\">A internet m\u00f3vel de quinta gera\u00e7\u00e3o (5G) j\u00e1 tem data para come\u00e7ar a ser ativada nas cidades de<strong> Salvador<\/strong>, Goi\u00e2nia e Curitiba. Ser\u00e1 na ter\u00e7a-feira da pr\u00f3xima semana, dia 16 de agosto. A informa\u00e7\u00e3o foi compartilhada pelo conselheiro da Ag\u00eancia Nacional de Telecomunica\u00e7\u00f5es (Anatel) Mois\u00e9s Queiroz Moreira, que preside o grupo respons\u00e1vel pela limpeza da faixa por onde v\u00e3o transitar os sinais de internet.<\/p>\n<p class=\"bodytext\">Moreira informou que come\u00e7am nesta ter\u00e7a-feira, 9, os testes para averiguar eventuais interfer\u00eancias no sinal nessas capitais Com tudo certo, a libera\u00e7\u00e3o da faixa para ativa\u00e7\u00e3o do 5G ser\u00e1 formalizada na reuni\u00e3o de sexta-feira (12) do Grupo de Acompanhamento da Implanta\u00e7\u00e3o das Solu\u00e7\u00f5es para os Problemas de Interfer\u00eancia na faixa de 3.625 a 3.700 MHz (Gaispi).<\/p>\n<p class=\"bodytext\">Cinco capitais j\u00e1 contam com a cobertura do 5G: Bras\u00edlia, Belo Horizonte, Porto Alegre, Jo\u00e3o Pessoa e S\u00e3o Paulo. No come\u00e7o, o sinal cobre apenas alguns bairros das cidades, e ainda \u00e9 comum que existam v\u00e1rias \u00e1reas de sombra, isto \u00e9, onde o 5G n\u00e3o pega.<\/p>\n<p class=\"bodytext\">Moreira disse que a previs\u00e3o \u00e9 que quase todas as capitais tenham a faixa liberada para ativa\u00e7\u00e3o do 5G at\u00e9 o fim de agosto.<\/p>\n","protected":false},"excerpt":{"rendered":"<p>A internet m\u00f3vel de quinta gera\u00e7\u00e3o (5G) j\u00e1 tem data para come\u00e7ar a ser ativada nas cidades de Salvador, Goi\u00e2nia e Curitiba. Ser\u00e1 na ter\u00e7a-feira da pr\u00f3xima semana, dia 16 de agosto. A informa\u00e7\u00e3o foi compartilhada pelo conselheiro da Ag\u00eancia Nacional de Telecomunica\u00e7\u00f5es (Anatel) Mois\u00e9s Queiroz Moreira, que preside o grupo respons\u00e1vel pela limpeza da [&hellip;]<\/p>\n","protected":false},"author":2,"featured_media":103982,"comment_status":"open","ping_status":"open","sticky":false,"template":"","format":"standard","meta":{"footnotes":"","_links_to":"","_links_to_target":""},"categories":[1],"tags":[],"class_list":["post-103980","post","type-post","status-publish","format-standard","has-post-thumbnail","hentry","category-geral"],"views":847,"_links":{"self":[{"href":"https:\/\/www.sudoestehoje.com.br\/novoportal\/wp-json\/wp\/v2\/posts\/103980","targetHints":{"allow":["GET"]}}],"collection":[{"href":"https:\/\/www.sudoestehoje.com.br\/novoportal\/wp-json\/wp\/v2\/posts"}],"about":[{"href":"https:\/\/www.sudoestehoje.com.br\/novoportal\/wp-json\/wp\/v2\/types\/post"}],"author":[{"embeddable":true,"href":"https:\/\/www.sudoestehoje.com.br\/novoportal\/wp-json\/wp\/v2\/users\/2"}],"replies":[{"embeddable":true,"href":"https:\/\/www.sudoestehoje.com.br\/novoportal\/wp-json\/wp\/v2\/comments?post=103980"}],"version-history":[{"count":3,"href":"https:\/\/www.sudoestehoje.com.br\/novoportal\/wp-json\/wp\/v2\/posts\/103980\/revisions"}],"predecessor-version":[{"id":103984,"href":"https:\/\/www.sudoestehoje.com.br\/novoportal\/wp-json\/wp\/v2\/posts\/103980\/revisions\/103984"}],"wp:featuredmedia":[{"embeddable":true,"href":"https:\/\/www.sudoestehoje.com.br\/novoportal\/wp-json\/wp\/v2\/media\/103982"}],"wp:attachment":[{"href":"https:\/\/www.sudoestehoje.com.br\/novoportal\/wp-json\/wp\/v2\/media?parent=103980"}],"wp:term":[{"taxonomy":"category","embeddable":true,"href":"https:\/\/www.sudoestehoje.com.br\/novoportal\/wp-json\/wp\/v2\/categories?post=103980"},{"taxonomy":"post_tag","embeddable":true,"href":"https:\/\/www.sudoestehoje.com.br\/novoportal\/wp-json\/wp\/v2\/tags?post=103980"}],"curies":[{"name":"wp","href":"https:\/\/api.w.org\/{rel}","templated":true}]}}