
{"id":103969,"date":"2022-08-09T11:10:29","date_gmt":"2022-08-09T14:10:29","guid":{"rendered":"https:\/\/www.sudoestehoje.com.br\/novoportal\/?p=103969"},"modified":"2022-08-09T11:10:29","modified_gmt":"2022-08-09T14:10:29","slug":"itapetinga-tem-previsao-de-dias-ensolarados-com-temperaturas-entre-28-e-14c","status":"publish","type":"post","link":"https:\/\/www.sudoestehoje.com.br\/novoportal\/2022\/08\/09\/itapetinga-tem-previsao-de-dias-ensolarados-com-temperaturas-entre-28-e-14c\/","title":{"rendered":"ITAPETINGA TEM PREVIS\u00c3O DE DIAS ENSOLARADOS COM TEMPERATURAS ENTRE 28 E 14\u00b0C"},"content":{"rendered":"<p><a href=\"https:\/\/www.sudoestehoje.com.br\/novoportal\/wp-content\/uploads\/2022\/08\/WhatsApp-Image-2022-08-09-at-11.07.01.jpeg\"><img loading=\"lazy\" decoding=\"async\" class=\"aligncenter size-medium wp-image-103971\" src=\"https:\/\/www.sudoestehoje.com.br\/novoportal\/wp-content\/uploads\/2022\/08\/WhatsApp-Image-2022-08-09-at-11.07.01-500x282.jpeg\" alt=\"\" width=\"500\" height=\"282\" srcset=\"https:\/\/www.sudoestehoje.com.br\/novoportal\/wp-content\/uploads\/2022\/08\/WhatsApp-Image-2022-08-09-at-11.07.01-500x282.jpeg 500w, https:\/\/www.sudoestehoje.com.br\/novoportal\/wp-content\/uploads\/2022\/08\/WhatsApp-Image-2022-08-09-at-11.07.01-700x394.jpeg 700w, https:\/\/www.sudoestehoje.com.br\/novoportal\/wp-content\/uploads\/2022\/08\/WhatsApp-Image-2022-08-09-at-11.07.01-768x432.jpeg 768w, https:\/\/www.sudoestehoje.com.br\/novoportal\/wp-content\/uploads\/2022\/08\/WhatsApp-Image-2022-08-09-at-11.07.01-1536x865.jpeg 1536w, https:\/\/www.sudoestehoje.com.br\/novoportal\/wp-content\/uploads\/2022\/08\/WhatsApp-Image-2022-08-09-at-11.07.01.jpeg 1600w\" sizes=\"auto, (max-width: 500px) 100vw, 500px\" \/><\/a><\/p>\n<p>Ap\u00f3s per\u00edodo prolongado de chuvas finas de inverno, o tempo em Itapetinga e regi\u00e3o sofreu mudan\u00e7as neste in\u00edcio de agosto, apresentando dias ensolarados com amplitude t\u00e9rmica elevada.<\/p>\n<p>Durante o dia, as temperaturas chegam aos 28\u00b0C, caindo drasticamente durante a madrugada para 14\u00b0C.<\/p>\n<p>O tempo deve continuar firme na Capital da Pecu\u00e1ria, com chuvas passageiras a partir desta quarta-feira (10), segundo a meteorologia.<\/p>\n<p><strong><em>Por Davi Ferraz<\/em><\/strong><\/p>\n","protected":false},"excerpt":{"rendered":"<p>Ap\u00f3s per\u00edodo prolongado de chuvas finas de inverno, o tempo em Itapetinga e regi\u00e3o sofreu mudan\u00e7as neste in\u00edcio de agosto, apresentando dias ensolarados com amplitude t\u00e9rmica elevada. Durante o dia, as temperaturas chegam aos 28\u00b0C, caindo drasticamente durante a madrugada para 14\u00b0C. O tempo deve continuar firme na Capital da Pecu\u00e1ria, com chuvas passageiras a [&hellip;]<\/p>\n","protected":false},"author":2,"featured_media":103971,"comment_status":"open","ping_status":"open","sticky":false,"template":"","format":"standard","meta":{"footnotes":"","_links_to":"","_links_to_target":""},"categories":[1],"tags":[],"class_list":["post-103969","post","type-post","status-publish","format-standard","has-post-thumbnail","hentry","category-geral"],"views":830,"_links":{"self":[{"href":"https:\/\/www.sudoestehoje.com.br\/novoportal\/wp-json\/wp\/v2\/posts\/103969","targetHints":{"allow":["GET"]}}],"collection":[{"href":"https:\/\/www.sudoestehoje.com.br\/novoportal\/wp-json\/wp\/v2\/posts"}],"about":[{"href":"https:\/\/www.sudoestehoje.com.br\/novoportal\/wp-json\/wp\/v2\/types\/post"}],"author":[{"embeddable":true,"href":"https:\/\/www.sudoestehoje.com.br\/novoportal\/wp-json\/wp\/v2\/users\/2"}],"replies":[{"embeddable":true,"href":"https:\/\/www.sudoestehoje.com.br\/novoportal\/wp-json\/wp\/v2\/comments?post=103969"}],"version-history":[{"count":3,"href":"https:\/\/www.sudoestehoje.com.br\/novoportal\/wp-json\/wp\/v2\/posts\/103969\/revisions"}],"predecessor-version":[{"id":103973,"href":"https:\/\/www.sudoestehoje.com.br\/novoportal\/wp-json\/wp\/v2\/posts\/103969\/revisions\/103973"}],"wp:featuredmedia":[{"embeddable":true,"href":"https:\/\/www.sudoestehoje.com.br\/novoportal\/wp-json\/wp\/v2\/media\/103971"}],"wp:attachment":[{"href":"https:\/\/www.sudoestehoje.com.br\/novoportal\/wp-json\/wp\/v2\/media?parent=103969"}],"wp:term":[{"taxonomy":"category","embeddable":true,"href":"https:\/\/www.sudoestehoje.com.br\/novoportal\/wp-json\/wp\/v2\/categories?post=103969"},{"taxonomy":"post_tag","embeddable":true,"href":"https:\/\/www.sudoestehoje.com.br\/novoportal\/wp-json\/wp\/v2\/tags?post=103969"}],"curies":[{"name":"wp","href":"https:\/\/api.w.org\/{rel}","templated":true}]}}