
{"id":103964,"date":"2022-08-09T10:37:55","date_gmt":"2022-08-09T13:37:55","guid":{"rendered":"https:\/\/www.sudoestehoje.com.br\/novoportal\/?p=103964"},"modified":"2022-08-09T10:37:55","modified_gmt":"2022-08-09T13:37:55","slug":"economia-inflacao-de-julho-recua-068-influenciada-pela-gasolina-e-energia","status":"publish","type":"post","link":"https:\/\/www.sudoestehoje.com.br\/novoportal\/2022\/08\/09\/economia-inflacao-de-julho-recua-068-influenciada-pela-gasolina-e-energia\/","title":{"rendered":"ECONOMIA | INFLA\u00c7\u00c3O DE JULHO RECUA 0,68% INFLUENCIADA PELA GASOLINA E ENERGIA"},"content":{"rendered":"<p><a href=\"https:\/\/www.sudoestehoje.com.br\/novoportal\/wp-content\/uploads\/2022\/08\/gasolina-posto-combustivel.jpg\"><img loading=\"lazy\" decoding=\"async\" class=\"aligncenter size-medium wp-image-103967\" src=\"https:\/\/www.sudoestehoje.com.br\/novoportal\/wp-content\/uploads\/2022\/08\/gasolina-posto-combustivel-500x286.jpg\" alt=\"\" width=\"500\" height=\"286\" srcset=\"https:\/\/www.sudoestehoje.com.br\/novoportal\/wp-content\/uploads\/2022\/08\/gasolina-posto-combustivel-500x286.jpg 500w, https:\/\/www.sudoestehoje.com.br\/novoportal\/wp-content\/uploads\/2022\/08\/gasolina-posto-combustivel-700x401.jpg 700w, https:\/\/www.sudoestehoje.com.br\/novoportal\/wp-content\/uploads\/2022\/08\/gasolina-posto-combustivel-768x439.jpg 768w, https:\/\/www.sudoestehoje.com.br\/novoportal\/wp-content\/uploads\/2022\/08\/gasolina-posto-combustivel.jpg 900w\" sizes=\"auto, (max-width: 500px) 100vw, 500px\" \/><\/a><\/p>\n<p>O \u00cdndice Nacional de Pre\u00e7os ao Consumidor Amplo (IPCA), considerado a infla\u00e7\u00e3o oficial do pa\u00eds, apresentou uma queda de 0,68% em julho, ante 0,67% em junho. Essa \u00e9 a menor taxa registrada desde o in\u00edcio da s\u00e9rie hist\u00f3rica, em janeiro de 1980. A \u00faltima vez que houve defla\u00e7\u00e3o, ou seja, queda de pre\u00e7os, foi h\u00e1 dois anos.<\/p>\n<p>Os dados foram divulgados na manh\u00e3 desta ter\u00e7a-feira (9\/8), pelo Instituto Brasileiro de Geografia e Estat\u00edstica (IBGE).<\/p>\n<p>No ano, o IPCA acumula alta de 4,77% e, nos \u00faltimos 12 meses, de 10,07%, abaixo dos 11,89% observados nos 12 meses imediatamente anteriores. Em julho de 2021, a varia\u00e7\u00e3o havia sido de 0,96%.<\/p>\n<p>A defla\u00e7\u00e3o em julho \u00e9 explicada principalmente pelo recuo dos pre\u00e7os dos combust\u00edveis e energia. As varia\u00e7\u00f5es negativas destes itens refletem a queda nos pre\u00e7os praticados nas refinarias da Petrobras e tamb\u00e9m a redu\u00e7\u00e3o das al\u00edquotas de Imposto sobre a Circula\u00e7\u00e3o de Mercadorias e Servi\u00e7os (ICMS) aplicada a partir da Lei Complementar 194, de 2022, sancionada no final de junho.<\/p>\n","protected":false},"excerpt":{"rendered":"<p>O \u00cdndice Nacional de Pre\u00e7os ao Consumidor Amplo (IPCA), considerado a infla\u00e7\u00e3o oficial do pa\u00eds, apresentou uma queda de 0,68% em julho, ante 0,67% em junho. Essa \u00e9 a menor taxa registrada desde o in\u00edcio da s\u00e9rie hist\u00f3rica, em janeiro de 1980. A \u00faltima vez que houve defla\u00e7\u00e3o, ou seja, queda de pre\u00e7os, foi h\u00e1 [&hellip;]<\/p>\n","protected":false},"author":2,"featured_media":103967,"comment_status":"open","ping_status":"open","sticky":false,"template":"","format":"standard","meta":{"footnotes":"","_links_to":"","_links_to_target":""},"categories":[1],"tags":[],"class_list":["post-103964","post","type-post","status-publish","format-standard","has-post-thumbnail","hentry","category-geral"],"views":680,"_links":{"self":[{"href":"https:\/\/www.sudoestehoje.com.br\/novoportal\/wp-json\/wp\/v2\/posts\/103964","targetHints":{"allow":["GET"]}}],"collection":[{"href":"https:\/\/www.sudoestehoje.com.br\/novoportal\/wp-json\/wp\/v2\/posts"}],"about":[{"href":"https:\/\/www.sudoestehoje.com.br\/novoportal\/wp-json\/wp\/v2\/types\/post"}],"author":[{"embeddable":true,"href":"https:\/\/www.sudoestehoje.com.br\/novoportal\/wp-json\/wp\/v2\/users\/2"}],"replies":[{"embeddable":true,"href":"https:\/\/www.sudoestehoje.com.br\/novoportal\/wp-json\/wp\/v2\/comments?post=103964"}],"version-history":[{"count":2,"href":"https:\/\/www.sudoestehoje.com.br\/novoportal\/wp-json\/wp\/v2\/posts\/103964\/revisions"}],"predecessor-version":[{"id":103968,"href":"https:\/\/www.sudoestehoje.com.br\/novoportal\/wp-json\/wp\/v2\/posts\/103964\/revisions\/103968"}],"wp:featuredmedia":[{"embeddable":true,"href":"https:\/\/www.sudoestehoje.com.br\/novoportal\/wp-json\/wp\/v2\/media\/103967"}],"wp:attachment":[{"href":"https:\/\/www.sudoestehoje.com.br\/novoportal\/wp-json\/wp\/v2\/media?parent=103964"}],"wp:term":[{"taxonomy":"category","embeddable":true,"href":"https:\/\/www.sudoestehoje.com.br\/novoportal\/wp-json\/wp\/v2\/categories?post=103964"},{"taxonomy":"post_tag","embeddable":true,"href":"https:\/\/www.sudoestehoje.com.br\/novoportal\/wp-json\/wp\/v2\/tags?post=103964"}],"curies":[{"name":"wp","href":"https:\/\/api.w.org\/{rel}","templated":true}]}}