
{"id":103953,"date":"2022-08-09T09:28:29","date_gmt":"2022-08-09T12:28:29","guid":{"rendered":"https:\/\/www.sudoestehoje.com.br\/novoportal\/?p=103953"},"modified":"2022-08-09T10:12:40","modified_gmt":"2022-08-09T13:12:40","slug":"eleicoes-cortejado-por-roma-e-pt-ze-ronaldo-deve-continuar-com-acm-neto","status":"publish","type":"post","link":"https:\/\/www.sudoestehoje.com.br\/novoportal\/2022\/08\/09\/eleicoes-cortejado-por-roma-e-pt-ze-ronaldo-deve-continuar-com-acm-neto\/","title":{"rendered":"ELEI\u00c7\u00d5ES | CORTEJADO POR ROMA E PT, Z\u00c9 RONALDO CONTINUA COM ACM NETO E VAI COORDENAR CAMPANHA"},"content":{"rendered":"<p><a href=\"https:\/\/www.sudoestehoje.com.br\/novoportal\/wp-content\/uploads\/2022\/08\/J5u1dIubHoQmMRqKqgXG32WgjjAsqtLd6Mj8BOAJ.jpg\"><img loading=\"lazy\" decoding=\"async\" class=\"aligncenter size-medium wp-image-103954\" src=\"https:\/\/www.sudoestehoje.com.br\/novoportal\/wp-content\/uploads\/2022\/08\/J5u1dIubHoQmMRqKqgXG32WgjjAsqtLd6Mj8BOAJ-500x375.jpg\" alt=\"\" width=\"500\" height=\"375\" srcset=\"https:\/\/www.sudoestehoje.com.br\/novoportal\/wp-content\/uploads\/2022\/08\/J5u1dIubHoQmMRqKqgXG32WgjjAsqtLd6Mj8BOAJ-500x375.jpg 500w, https:\/\/www.sudoestehoje.com.br\/novoportal\/wp-content\/uploads\/2022\/08\/J5u1dIubHoQmMRqKqgXG32WgjjAsqtLd6Mj8BOAJ.jpg 600w\" sizes=\"auto, (max-width: 500px) 100vw, 500px\" \/><\/a><\/p>\n<p>Ap\u00f3s ser preterido por ACM Neto (UB) para o cargo de vice na chapa que disputa o governo da Bahia,\u00a0o ex-prefeito de Feira de Santana Jos\u00e9 Ronaldo (UB) deve permanecer no grupo carlista.<\/p>\n<p>Aliados do feirense disseram que ele pensou bem e deu mais um voto de confian\u00e7a para ACM Neto.<\/p>\n<p><em>\u201cN\u00e3o h\u00e1 como ele deixar o grupo de Neto, n\u00e3o \u00e9 vi\u00e1vel agora, antes talvez, agora n\u00e3o \u00e9. Acho que ele pode ter um papel importante nesse campanha e continuar como conselheiro de Neto e voz forte dentro do grupo\u201d<\/em>, disse um interlocutor .<\/p>\n<p>Ronaldo vai ficar respons\u00e1vel pela coordena\u00e7\u00e3o-geral da campanha de Neto e n\u00e3o vai concorrer a nenhum cargo eletivo. O an\u00fancio do futuro pol\u00edtico de Jos\u00e9 Ronaldo ser\u00e1 feito na quarta-feira (10).<\/p>\n","protected":false},"excerpt":{"rendered":"<p>Ap\u00f3s ser preterido por ACM Neto (UB) para o cargo de vice na chapa que disputa o governo da Bahia,\u00a0o ex-prefeito de Feira de Santana Jos\u00e9 Ronaldo (UB) deve permanecer no grupo carlista. Aliados do feirense disseram que ele pensou bem e deu mais um voto de confian\u00e7a para ACM Neto. \u201cN\u00e3o h\u00e1 como ele [&hellip;]<\/p>\n","protected":false},"author":2,"featured_media":103954,"comment_status":"open","ping_status":"open","sticky":false,"template":"","format":"standard","meta":{"footnotes":"","_links_to":"","_links_to_target":""},"categories":[1],"tags":[],"class_list":["post-103953","post","type-post","status-publish","format-standard","has-post-thumbnail","hentry","category-geral"],"views":800,"_links":{"self":[{"href":"https:\/\/www.sudoestehoje.com.br\/novoportal\/wp-json\/wp\/v2\/posts\/103953","targetHints":{"allow":["GET"]}}],"collection":[{"href":"https:\/\/www.sudoestehoje.com.br\/novoportal\/wp-json\/wp\/v2\/posts"}],"about":[{"href":"https:\/\/www.sudoestehoje.com.br\/novoportal\/wp-json\/wp\/v2\/types\/post"}],"author":[{"embeddable":true,"href":"https:\/\/www.sudoestehoje.com.br\/novoportal\/wp-json\/wp\/v2\/users\/2"}],"replies":[{"embeddable":true,"href":"https:\/\/www.sudoestehoje.com.br\/novoportal\/wp-json\/wp\/v2\/comments?post=103953"}],"version-history":[{"count":4,"href":"https:\/\/www.sudoestehoje.com.br\/novoportal\/wp-json\/wp\/v2\/posts\/103953\/revisions"}],"predecessor-version":[{"id":103963,"href":"https:\/\/www.sudoestehoje.com.br\/novoportal\/wp-json\/wp\/v2\/posts\/103953\/revisions\/103963"}],"wp:featuredmedia":[{"embeddable":true,"href":"https:\/\/www.sudoestehoje.com.br\/novoportal\/wp-json\/wp\/v2\/media\/103954"}],"wp:attachment":[{"href":"https:\/\/www.sudoestehoje.com.br\/novoportal\/wp-json\/wp\/v2\/media?parent=103953"}],"wp:term":[{"taxonomy":"category","embeddable":true,"href":"https:\/\/www.sudoestehoje.com.br\/novoportal\/wp-json\/wp\/v2\/categories?post=103953"},{"taxonomy":"post_tag","embeddable":true,"href":"https:\/\/www.sudoestehoje.com.br\/novoportal\/wp-json\/wp\/v2\/tags?post=103953"}],"curies":[{"name":"wp","href":"https:\/\/api.w.org\/{rel}","templated":true}]}}