
{"id":10391,"date":"2011-11-09T10:49:41","date_gmt":"2011-11-09T13:49:41","guid":{"rendered":"http:\/\/www.sudoestehoje.com.br\/novoportal\/?p=10391"},"modified":"2011-11-09T10:52:56","modified_gmt":"2011-11-09T13:52:56","slug":"desandou-de-vez","status":"publish","type":"post","link":"https:\/\/www.sudoestehoje.com.br\/novoportal\/2011\/11\/09\/desandou-de-vez\/","title":{"rendered":"DESANDOU DE VEZ"},"content":{"rendered":"<p style=\"text-align: center;\"><img decoding=\"async\" src=\"http:\/\/3.bp.blogspot.com\/_63ZIZRUCmuI\/TPQ2yFrgc2I\/AAAAAAAAB9Y\/gLEOqlQKMsk\/s1600\/000001.jpg\" alt=\"\" \/><\/p>\n<p>Dentre os coment\u00e1rios recebidos hoje, destacamos tr\u00eas, embora tratem de assuntos diversos. O primeiro coment\u00e1rio trata da briga entre o pol\u00eamico locutor Amaral Jr. e seu colega do r\u00e1dio Cesar Soares. O segunda coment\u00e1rio denuncia a poss\u00edvel desativa\u00e7\u00e3o da 14\u00aa Dires e o \u00faltimo denuncia a falta de \u00e1gua na Azal\u00e9ia, por dois dias consecutivos. Leia e comente:<\/p>\n<p><em>&#8220;Rapaz\u2026 o bicho pegou ontem na R\u00e1dio Vida Nova FM, ao meio dia. Quando o apresentador do programa &#8220;Passando em Revista&#8221; (Cesar Soares) entrevistava Dimas, ex-presidente da Associa\u00e7\u00e3o das Vilas, o \u201couvidor\u201d e falador Amaral Jr. invadiu o estudio, dizendo que o apresentador estava mentido na entrevista que ora se realizava. Foi um bate boca, e hoje ao meio dia vai ter o 2\u00ba tempo novamente\u2026&#8221;<\/em><\/p>\n<p><em>&#8220;Dav\u00ed, veja esse boato a\u00ed meu irm\u00e3o: O atendimento \u00e0 sa\u00fade do pov\u00e3o de Itapetinga j\u00e1 vai mal, e agora j\u00e1 corre o boato que a 14\u00aa Dires em Itapetinga vai ser extinta, ser\u00e1 mesmo? Como aqui tudo est\u00e1 acabando ou indo para fora \u00e9 bem f\u00e1cil que sim&#8221;.<\/em><\/p>\n<p><em>&#8220;Davi, a Azal\u00e9ia ficou dois dias sem \u00e1gua. Isso \u00e9 falta de respeito para com o \u00a0funcion\u00e1rio. Disseram que n\u00e3o podiam comprar \u00e1gua mineral porque n\u00e3o tinham vasilhames. D\u00e1 uma verificada neste caso &#8230;&#8221;<\/em><\/p>\n<p><em><strong>Da Reda\u00e7\u00e3o<\/strong><\/em><\/p>\n","protected":false},"excerpt":{"rendered":"<p>Dentre os coment\u00e1rios recebidos hoje, destacamos tr\u00eas, embora tratem de assuntos diversos. O primeiro coment\u00e1rio trata da briga entre o pol\u00eamico locutor Amaral Jr. e seu colega do r\u00e1dio Cesar Soares. O segunda coment\u00e1rio denuncia a poss\u00edvel desativa\u00e7\u00e3o da 14\u00aa Dires e o \u00faltimo denuncia a falta de \u00e1gua na Azal\u00e9ia, por dois dias consecutivos. [&hellip;]<\/p>\n","protected":false},"author":2,"featured_media":0,"comment_status":"open","ping_status":"open","sticky":false,"template":"","format":"standard","meta":{"footnotes":"","_links_to":"","_links_to_target":""},"categories":[1],"tags":[],"class_list":["post-10391","post","type-post","status-publish","format-standard","hentry","category-geral"],"views":1276,"_links":{"self":[{"href":"https:\/\/www.sudoestehoje.com.br\/novoportal\/wp-json\/wp\/v2\/posts\/10391","targetHints":{"allow":["GET"]}}],"collection":[{"href":"https:\/\/www.sudoestehoje.com.br\/novoportal\/wp-json\/wp\/v2\/posts"}],"about":[{"href":"https:\/\/www.sudoestehoje.com.br\/novoportal\/wp-json\/wp\/v2\/types\/post"}],"author":[{"embeddable":true,"href":"https:\/\/www.sudoestehoje.com.br\/novoportal\/wp-json\/wp\/v2\/users\/2"}],"replies":[{"embeddable":true,"href":"https:\/\/www.sudoestehoje.com.br\/novoportal\/wp-json\/wp\/v2\/comments?post=10391"}],"version-history":[{"count":6,"href":"https:\/\/www.sudoestehoje.com.br\/novoportal\/wp-json\/wp\/v2\/posts\/10391\/revisions"}],"predecessor-version":[{"id":10396,"href":"https:\/\/www.sudoestehoje.com.br\/novoportal\/wp-json\/wp\/v2\/posts\/10391\/revisions\/10396"}],"wp:attachment":[{"href":"https:\/\/www.sudoestehoje.com.br\/novoportal\/wp-json\/wp\/v2\/media?parent=10391"}],"wp:term":[{"taxonomy":"category","embeddable":true,"href":"https:\/\/www.sudoestehoje.com.br\/novoportal\/wp-json\/wp\/v2\/categories?post=10391"},{"taxonomy":"post_tag","embeddable":true,"href":"https:\/\/www.sudoestehoje.com.br\/novoportal\/wp-json\/wp\/v2\/tags?post=10391"}],"curies":[{"name":"wp","href":"https:\/\/api.w.org\/{rel}","templated":true}]}}