
{"id":103909,"date":"2022-08-07T23:31:18","date_gmt":"2022-08-08T02:31:18","guid":{"rendered":"https:\/\/www.sudoestehoje.com.br\/novoportal\/?p=103909"},"modified":"2022-08-07T23:31:18","modified_gmt":"2022-08-08T02:31:18","slug":"eleicoes-sem-acm-neto-band-realiza-primeiro-debate-entre-candidatos-ao-governo-da-bahia","status":"publish","type":"post","link":"https:\/\/www.sudoestehoje.com.br\/novoportal\/2022\/08\/07\/eleicoes-sem-acm-neto-band-realiza-primeiro-debate-entre-candidatos-ao-governo-da-bahia\/","title":{"rendered":"ELEI\u00c7\u00d5ES | SEM ACM NETO, BAND REALIZA PRIMEIRO DEBATE ENTRE CANDIDATOS AO GOVERNO DA BAHIA"},"content":{"rendered":"<p><a href=\"https:\/\/www.sudoestehoje.com.br\/novoportal\/wp-content\/uploads\/2022\/08\/band-debate-1000x530-1.jpg\"><img loading=\"lazy\" decoding=\"async\" class=\"aligncenter size-medium wp-image-103913\" src=\"https:\/\/www.sudoestehoje.com.br\/novoportal\/wp-content\/uploads\/2022\/08\/band-debate-1000x530-1-500x265.jpg\" alt=\"\" width=\"500\" height=\"265\" srcset=\"https:\/\/www.sudoestehoje.com.br\/novoportal\/wp-content\/uploads\/2022\/08\/band-debate-1000x530-1-500x265.jpg 500w, https:\/\/www.sudoestehoje.com.br\/novoportal\/wp-content\/uploads\/2022\/08\/band-debate-1000x530-1-700x371.jpg 700w, https:\/\/www.sudoestehoje.com.br\/novoportal\/wp-content\/uploads\/2022\/08\/band-debate-1000x530-1-768x407.jpg 768w, https:\/\/www.sudoestehoje.com.br\/novoportal\/wp-content\/uploads\/2022\/08\/band-debate-1000x530-1.jpg 1000w\" sizes=\"auto, (max-width: 500px) 100vw, 500px\" \/><\/a><\/p>\n<p>Sem a presen\u00e7a do ex-prefeito ACM Neto (Uni\u00e3o Brasil), que lidera as pesquisas de inten\u00e7\u00e3o de voto na corrida pelo Pal\u00e1cio de Ondina, acontece, neste domingo (7), a partir das 21h, o primeiro debate entre os candidatos ao governo do estado.<\/p>\n<p>Participam do debate da Band Bahia, Jer\u00f4nimo Rodrigues (PT), Jo\u00e3o Roma (PL) e Kleber Rosa (PSOL). Mediado por Carolina Rosa, apresentadora do Band Cidade, o programa ter\u00e1 cinco blocos, com uma pergunta comum a todos elaborada pelo jornalismo da Band, questionamentos de jornalistas, perguntas entre os candidatos e considera\u00e7\u00f5es finais. Al\u00e9m da TV, o debate ser\u00e1 transmitido na r\u00e1dio BandNews, no YouTube e no site oficial da Band Bahia.<\/p>\n<p>Com participa\u00e7\u00e3o confirmada, Jer\u00f4nimo provocou Neto pela aus\u00eancia. \u201cEle n\u00e3o teve coragem e fugiu do debate. Assim como falta-lhe coragem para assumir que apoia o atual presidente da Rep\u00fablica [Jair Bolsonaro]\u201d, disse o petista.<\/p>\n<p>Candidato ao governo com o apoio do presidente Jair Bolsonaro (PL), o ex-ministro Jo\u00e3o Roma destacou a import\u00e2ncia do debate para que o cidad\u00e3o baiano possa formar sua opini\u00e3o sobre o que \u00e9 melhor para o futuro do estado e do Brasil. \u201cO m\u00ednimo que cada candidato pode oferecer ao cidad\u00e3o \u00e9 lhe apresentar suas propostas e a verdade. Portanto fico muito feliz em participar deste debate e compartilhar com os eleitores as minhas ideias para uma mudan\u00e7a de verdade na Bahia\u201d, disse ele, ressaltando que n\u00e3o fugir\u00e1 de nenhum embate de propostas e ideias com os advers\u00e1rios.<\/p>\n","protected":false},"excerpt":{"rendered":"<p>Sem a presen\u00e7a do ex-prefeito ACM Neto (Uni\u00e3o Brasil), que lidera as pesquisas de inten\u00e7\u00e3o de voto na corrida pelo Pal\u00e1cio de Ondina, acontece, neste domingo (7), a partir das 21h, o primeiro debate entre os candidatos ao governo do estado. Participam do debate da Band Bahia, Jer\u00f4nimo Rodrigues (PT), Jo\u00e3o Roma (PL) e Kleber [&hellip;]<\/p>\n","protected":false},"author":2,"featured_media":103914,"comment_status":"open","ping_status":"open","sticky":false,"template":"","format":"standard","meta":{"footnotes":"","_links_to":"","_links_to_target":""},"categories":[1],"tags":[],"class_list":["post-103909","post","type-post","status-publish","format-standard","has-post-thumbnail","hentry","category-geral"],"views":725,"_links":{"self":[{"href":"https:\/\/www.sudoestehoje.com.br\/novoportal\/wp-json\/wp\/v2\/posts\/103909","targetHints":{"allow":["GET"]}}],"collection":[{"href":"https:\/\/www.sudoestehoje.com.br\/novoportal\/wp-json\/wp\/v2\/posts"}],"about":[{"href":"https:\/\/www.sudoestehoje.com.br\/novoportal\/wp-json\/wp\/v2\/types\/post"}],"author":[{"embeddable":true,"href":"https:\/\/www.sudoestehoje.com.br\/novoportal\/wp-json\/wp\/v2\/users\/2"}],"replies":[{"embeddable":true,"href":"https:\/\/www.sudoestehoje.com.br\/novoportal\/wp-json\/wp\/v2\/comments?post=103909"}],"version-history":[{"count":2,"href":"https:\/\/www.sudoestehoje.com.br\/novoportal\/wp-json\/wp\/v2\/posts\/103909\/revisions"}],"predecessor-version":[{"id":103915,"href":"https:\/\/www.sudoestehoje.com.br\/novoportal\/wp-json\/wp\/v2\/posts\/103909\/revisions\/103915"}],"wp:featuredmedia":[{"embeddable":true,"href":"https:\/\/www.sudoestehoje.com.br\/novoportal\/wp-json\/wp\/v2\/media\/103914"}],"wp:attachment":[{"href":"https:\/\/www.sudoestehoje.com.br\/novoportal\/wp-json\/wp\/v2\/media?parent=103909"}],"wp:term":[{"taxonomy":"category","embeddable":true,"href":"https:\/\/www.sudoestehoje.com.br\/novoportal\/wp-json\/wp\/v2\/categories?post=103909"},{"taxonomy":"post_tag","embeddable":true,"href":"https:\/\/www.sudoestehoje.com.br\/novoportal\/wp-json\/wp\/v2\/tags?post=103909"}],"curies":[{"name":"wp","href":"https:\/\/api.w.org\/{rel}","templated":true}]}}