
{"id":103895,"date":"2022-08-06T00:06:39","date_gmt":"2022-08-06T03:06:39","guid":{"rendered":"https:\/\/www.sudoestehoje.com.br\/novoportal\/?p=103895"},"modified":"2022-08-07T22:55:01","modified_gmt":"2022-08-08T01:55:01","slug":"eeicoes-convencao-oficializa-candidatura-de-acm-neto-ao-governo-da-bahia","status":"publish","type":"post","link":"https:\/\/www.sudoestehoje.com.br\/novoportal\/2022\/08\/06\/eeicoes-convencao-oficializa-candidatura-de-acm-neto-ao-governo-da-bahia\/","title":{"rendered":"ELEI\u00c7\u00d5ES | CONVEN\u00c7\u00c3O OFICIALIZA CANDIDATURA DE ACM NETO AO GOVERNO DA BAHIA"},"content":{"rendered":"<p><a href=\"https:\/\/www.sudoestehoje.com.br\/novoportal\/wp-content\/uploads\/2022\/08\/Neto-Convencao-696x464-1.jpg\"><img loading=\"lazy\" decoding=\"async\" class=\"aligncenter size-medium wp-image-103897\" src=\"https:\/\/www.sudoestehoje.com.br\/novoportal\/wp-content\/uploads\/2022\/08\/Neto-Convencao-696x464-1-500x333.jpg\" alt=\"\" width=\"500\" height=\"333\" srcset=\"https:\/\/www.sudoestehoje.com.br\/novoportal\/wp-content\/uploads\/2022\/08\/Neto-Convencao-696x464-1-500x333.jpg 500w, https:\/\/www.sudoestehoje.com.br\/novoportal\/wp-content\/uploads\/2022\/08\/Neto-Convencao-696x464-1.jpg 696w\" sizes=\"auto, (max-width: 500px) 100vw, 500px\" \/><\/a><\/p>\n<p>Realizada nesta sexta-feira (5), no Centro de Conven\u00e7\u00f5es de Salvador, a conven\u00e7\u00e3o partid\u00e1ria do Uni\u00e3o Brasil oficializou ACM Neto como candidato ao governo da Bahia, nas elei\u00e7\u00f5es de outubro.<\/p>\n<p>O evento homologou ainda a empres\u00e1ria Ana Coelho (Republicanos) como candidata a vice-governadora e o deputado federal Cac\u00e1 Le\u00e3o (PP) na corrida por uma vaga no Senado.<\/p>\n<p>Al\u00e9m do Uni\u00e3o Brasil, ao qual Neto \u00e9 filiado, integram a coliga\u00e7\u00e3o PP, Republicanos, PSDB, PDT, PSC, Solidariedade, Cidadania, Podemos, PRTB, PTB, DC e PMN.<\/p>\n<p><a href=\"https:\/\/www.sudoestehoje.com.br\/novoportal\/wp-content\/uploads\/2022\/08\/52c73bcff8093ed033886fc3e0605e8d.png\"><img loading=\"lazy\" decoding=\"async\" class=\"aligncenter size-medium wp-image-103903\" src=\"https:\/\/www.sudoestehoje.com.br\/novoportal\/wp-content\/uploads\/2022\/08\/52c73bcff8093ed033886fc3e0605e8d-500x332.png\" alt=\"\" width=\"500\" height=\"332\" srcset=\"https:\/\/www.sudoestehoje.com.br\/novoportal\/wp-content\/uploads\/2022\/08\/52c73bcff8093ed033886fc3e0605e8d-500x332.png 500w, https:\/\/www.sudoestehoje.com.br\/novoportal\/wp-content\/uploads\/2022\/08\/52c73bcff8093ed033886fc3e0605e8d-700x465.png 700w, https:\/\/www.sudoestehoje.com.br\/novoportal\/wp-content\/uploads\/2022\/08\/52c73bcff8093ed033886fc3e0605e8d-768x511.png 768w, https:\/\/www.sudoestehoje.com.br\/novoportal\/wp-content\/uploads\/2022\/08\/52c73bcff8093ed033886fc3e0605e8d.png 940w\" sizes=\"auto, (max-width: 500px) 100vw, 500px\" \/><\/a><\/p>\n<p>Um das bandeiras da candidatura de ACM Neto \u00e9 o enfrentamento da criminalidade na Bahia. Na coletiva que antecedeu a conven\u00e7\u00e3o, ele criticou a pol\u00edtica de seguran\u00e7a p\u00fablica do estado.<\/p>\n<p>A cr\u00edtica partiu de uma compara\u00e7\u00e3o do momento atual com o do ano da sua primeira elei\u00e7\u00e3o para a Prefeitura de Salvador, 2012. Naquela \u00e9poca, segundo Neto, os soteropolitanos n\u00e3o acreditavam na capacidade de gest\u00e3o dos seus representantes pol\u00edticos.<\/p>\n<p><em>&#8220;H\u00e1 dez anos, eu era candidato a prefeito de Salvador e o que eu encontrei nessa cidade, muito mais do que buraco, do que lixo, do que a cidade escura, do que problemas na educa\u00e7\u00e3o, na sa\u00fade, o que eu encontrei em Salvador foi o descr\u00e9dito, foi a desconfian\u00e7a das pessoas. Foi a falta da esperan\u00e7a das pessoas nos seus representantes&#8221;<\/em>, disse.<\/p>\n<div class=\"g g-4\">\n<div class=\"g-single a-46\">\n<p><a href=\"https:\/\/www.sudoestehoje.com.br\/novoportal\/wp-content\/uploads\/2022\/08\/acmneto-convencao.jpg\"><img loading=\"lazy\" decoding=\"async\" class=\"aligncenter size-medium wp-image-103898\" src=\"https:\/\/www.sudoestehoje.com.br\/novoportal\/wp-content\/uploads\/2022\/08\/acmneto-convencao-500x316.jpg\" alt=\"\" width=\"500\" height=\"316\" srcset=\"https:\/\/www.sudoestehoje.com.br\/novoportal\/wp-content\/uploads\/2022\/08\/acmneto-convencao-500x316.jpg 500w, https:\/\/www.sudoestehoje.com.br\/novoportal\/wp-content\/uploads\/2022\/08\/acmneto-convencao-700x443.jpg 700w, https:\/\/www.sudoestehoje.com.br\/novoportal\/wp-content\/uploads\/2022\/08\/acmneto-convencao-768x486.jpg 768w, https:\/\/www.sudoestehoje.com.br\/novoportal\/wp-content\/uploads\/2022\/08\/acmneto-convencao.jpg 998w\" sizes=\"auto, (max-width: 500px) 100vw, 500px\" \/><\/a><\/p>\n<\/div>\n<\/div>\n<p>Na avalia\u00e7\u00e3o do candidato a governador, situa\u00e7\u00e3o an\u00e1loga ocorre hoje no caso da seguran\u00e7a p\u00fablica do estado. <em>\u201cEsse descr\u00e9dito, essa falta de expectativa de que algu\u00e9m possa chegar e resolver, \u00e9 resultado da pol\u00edtica atual, do trabalho atual e da condu\u00e7\u00e3o atual\u201d.<\/em><\/p>\n<p>Para ACM Neto, o governador Rui Costa (PT) n\u00e3o assume o papel que lhe cabe no conjunto dos esfor\u00e7os para que os \u00edndices de viol\u00eancia da Bahia sejam diminu\u00eddos. Ele prometeu que, se chegar ao Pal\u00e1cio de Ondina, n\u00e3o ter\u00e1 o comportamento que atribui ao petista.<\/p>\n<p><em>&#8220;Eu vou assumir a responsabilidade. Quem me conhece sabe. N\u00e3o vai ter essa hist\u00f3ria de n\u00e3o \u00e9 comigo. \u00c9 comigo, vai ser comigo, eu vou enfrentar o problema&#8221;<\/em>.<\/p>\n<p><a href=\"https:\/\/www.sudoestehoje.com.br\/novoportal\/wp-content\/uploads\/2022\/08\/ACM_NEto_Convencao_Caderno_Noticias.png\"><img loading=\"lazy\" decoding=\"async\" class=\"aligncenter size-medium wp-image-103904\" src=\"https:\/\/www.sudoestehoje.com.br\/novoportal\/wp-content\/uploads\/2022\/08\/ACM_NEto_Convencao_Caderno_Noticias-500x289.png\" alt=\"\" width=\"500\" height=\"289\" srcset=\"https:\/\/www.sudoestehoje.com.br\/novoportal\/wp-content\/uploads\/2022\/08\/ACM_NEto_Convencao_Caderno_Noticias-500x289.png 500w, https:\/\/www.sudoestehoje.com.br\/novoportal\/wp-content\/uploads\/2022\/08\/ACM_NEto_Convencao_Caderno_Noticias-700x404.png 700w, https:\/\/www.sudoestehoje.com.br\/novoportal\/wp-content\/uploads\/2022\/08\/ACM_NEto_Convencao_Caderno_Noticias-768x444.png 768w, https:\/\/www.sudoestehoje.com.br\/novoportal\/wp-content\/uploads\/2022\/08\/ACM_NEto_Convencao_Caderno_Noticias.png 850w\" sizes=\"auto, (max-width: 500px) 100vw, 500px\" \/><\/a><\/p>\n<p>Ainda conforme o candidato do Uni\u00e3o Brasil, o governo atual tenta consolidar a ideia de que os \u00edndices de criminalidade e viol\u00eancia na Bahia refletem um problema nacional.<\/p>\n<p>\u201cA desculpa hoje \u00e9 t\u00e3o esfarrapada que v\u00e1rios estados do Brasil, Mato Grosso do Sul, Santa Catarina, Goi\u00e1s, reduziram, significativamente, os \u00edndices de viol\u00eancia nos \u00faltimos anos. Por que que a Bahia s\u00f3 fez crescer? Por incompet\u00eancia, falta de governo\u201d, concluiu.<\/p>\n","protected":false},"excerpt":{"rendered":"<p>Realizada nesta sexta-feira (5), no Centro de Conven\u00e7\u00f5es de Salvador, a conven\u00e7\u00e3o partid\u00e1ria do Uni\u00e3o Brasil oficializou ACM Neto como candidato ao governo da Bahia, nas elei\u00e7\u00f5es de outubro. O evento homologou ainda a empres\u00e1ria Ana Coelho (Republicanos) como candidata a vice-governadora e o deputado federal Cac\u00e1 Le\u00e3o (PP) na corrida por uma vaga no [&hellip;]<\/p>\n","protected":false},"author":2,"featured_media":103897,"comment_status":"open","ping_status":"open","sticky":false,"template":"","format":"standard","meta":{"footnotes":"","_links_to":"","_links_to_target":""},"categories":[1],"tags":[],"class_list":["post-103895","post","type-post","status-publish","format-standard","has-post-thumbnail","hentry","category-geral"],"views":901,"_links":{"self":[{"href":"https:\/\/www.sudoestehoje.com.br\/novoportal\/wp-json\/wp\/v2\/posts\/103895","targetHints":{"allow":["GET"]}}],"collection":[{"href":"https:\/\/www.sudoestehoje.com.br\/novoportal\/wp-json\/wp\/v2\/posts"}],"about":[{"href":"https:\/\/www.sudoestehoje.com.br\/novoportal\/wp-json\/wp\/v2\/types\/post"}],"author":[{"embeddable":true,"href":"https:\/\/www.sudoestehoje.com.br\/novoportal\/wp-json\/wp\/v2\/users\/2"}],"replies":[{"embeddable":true,"href":"https:\/\/www.sudoestehoje.com.br\/novoportal\/wp-json\/wp\/v2\/comments?post=103895"}],"version-history":[{"count":6,"href":"https:\/\/www.sudoestehoje.com.br\/novoportal\/wp-json\/wp\/v2\/posts\/103895\/revisions"}],"predecessor-version":[{"id":103908,"href":"https:\/\/www.sudoestehoje.com.br\/novoportal\/wp-json\/wp\/v2\/posts\/103895\/revisions\/103908"}],"wp:featuredmedia":[{"embeddable":true,"href":"https:\/\/www.sudoestehoje.com.br\/novoportal\/wp-json\/wp\/v2\/media\/103897"}],"wp:attachment":[{"href":"https:\/\/www.sudoestehoje.com.br\/novoportal\/wp-json\/wp\/v2\/media?parent=103895"}],"wp:term":[{"taxonomy":"category","embeddable":true,"href":"https:\/\/www.sudoestehoje.com.br\/novoportal\/wp-json\/wp\/v2\/categories?post=103895"},{"taxonomy":"post_tag","embeddable":true,"href":"https:\/\/www.sudoestehoje.com.br\/novoportal\/wp-json\/wp\/v2\/tags?post=103895"}],"curies":[{"name":"wp","href":"https:\/\/api.w.org\/{rel}","templated":true}]}}