
{"id":103889,"date":"2022-08-05T07:31:38","date_gmt":"2022-08-05T10:31:38","guid":{"rendered":"https:\/\/www.sudoestehoje.com.br\/novoportal\/?p=103889"},"modified":"2022-08-05T07:31:38","modified_gmt":"2022-08-05T10:31:38","slug":"morre-jo-soares-aos-84-anos","status":"publish","type":"post","link":"https:\/\/www.sudoestehoje.com.br\/novoportal\/2022\/08\/05\/morre-jo-soares-aos-84-anos\/","title":{"rendered":"MORRE J\u00d4 SOARES, AOS 84 ANOS"},"content":{"rendered":"<div class=\"mc-column content-text active-extra-styles \" data-block-type=\"unstyled\" data-block-weight=\"64\" data-block-id=\"2\">\n<p data-track-category=\"Link no Texto\" data-track-links=\"\"><a href=\"https:\/\/www.sudoestehoje.com.br\/novoportal\/wp-content\/uploads\/2022\/08\/jo-soares-22052018083732537.jpeg\"><img loading=\"lazy\" decoding=\"async\" class=\"aligncenter size-medium wp-image-103892\" src=\"https:\/\/www.sudoestehoje.com.br\/novoportal\/wp-content\/uploads\/2022\/08\/jo-soares-22052018083732537-500x273.jpeg\" alt=\"\" width=\"500\" height=\"273\" srcset=\"https:\/\/www.sudoestehoje.com.br\/novoportal\/wp-content\/uploads\/2022\/08\/jo-soares-22052018083732537-500x273.jpeg 500w, https:\/\/www.sudoestehoje.com.br\/novoportal\/wp-content\/uploads\/2022\/08\/jo-soares-22052018083732537-700x382.jpeg 700w, https:\/\/www.sudoestehoje.com.br\/novoportal\/wp-content\/uploads\/2022\/08\/jo-soares-22052018083732537-768x419.jpeg 768w, https:\/\/www.sudoestehoje.com.br\/novoportal\/wp-content\/uploads\/2022\/08\/jo-soares-22052018083732537.jpeg 770w\" sizes=\"auto, (max-width: 500px) 100vw, 500px\" \/><\/a><\/p>\n<p class=\"content-text__container \" data-track-category=\"Link no Texto\" data-track-links=\"\">O apresentador, ator, escritor, diretor e humorista\u00a0<a href=\"https:\/\/g1.globo.com\/tudo-sobre\/jo-soares\/\">J\u00f4 Soares<\/a>\u00a0morreu \u00e0s 2h30 desta sexta-feira (5), aos 84 anos. Considerado\u00a0<span class=\"highlight highlighted\">um dos maiores humoristas do Brasil<\/span>, o apresentador do\u00a0<strong>\u201cPrograma do J\u00f4\u201d<\/strong>, exibido na TV Globo de 2000 a 2016, estava internado desde 28 de julho no Hospital S\u00edrio-Liban\u00eas, na regi\u00e3o central de\u00a0<a href=\"https:\/\/g1.globo.com\/sp\/sao-paulo\/cidade\/sao-paulo\/\">S\u00e3o Paulo<\/a>, onde deu entrada para tratar de uma pneumonia.<\/p>\n<\/div>\n<div class=\"wall protected-content\">\n<div class=\"mc-column content-text active-extra-styles \" data-block-type=\"unstyled\" data-block-weight=\"24\" data-block-id=\"3\">\n<p class=\"content-text__container \" data-track-category=\"Link no Texto\" data-track-links=\"\">A causa da morte n\u00e3o foi divulgada. O enterro e vel\u00f3rio ser\u00e3o reservados \u00e0 fam\u00edlia e amigos, em data e local ainda n\u00e3o informados.<\/p>\n<p data-track-category=\"Link no Texto\" data-track-links=\"\">O an\u00fancio da morte foi feito por Fl\u00e1via Pedra, ex-mulher de J\u00f4, e confirmada em nota pela assessoria de imprensa do Hospital S\u00edrio-Liban\u00eas.<\/p>\n<p data-track-category=\"Link no Texto\" data-track-links=\"\">\n<\/div>\n<\/div>\n","protected":false},"excerpt":{"rendered":"<p>O apresentador, ator, escritor, diretor e humorista\u00a0J\u00f4 Soares\u00a0morreu \u00e0s 2h30 desta sexta-feira (5), aos 84 anos. Considerado\u00a0um dos maiores humoristas do Brasil, o apresentador do\u00a0\u201cPrograma do J\u00f4\u201d, exibido na TV Globo de 2000 a 2016, estava internado desde 28 de julho no Hospital S\u00edrio-Liban\u00eas, na regi\u00e3o central de\u00a0S\u00e3o Paulo, onde deu entrada para tratar de [&hellip;]<\/p>\n","protected":false},"author":2,"featured_media":103892,"comment_status":"open","ping_status":"open","sticky":false,"template":"","format":"standard","meta":{"footnotes":"","_links_to":"","_links_to_target":""},"categories":[1],"tags":[],"class_list":["post-103889","post","type-post","status-publish","format-standard","has-post-thumbnail","hentry","category-geral"],"views":848,"_links":{"self":[{"href":"https:\/\/www.sudoestehoje.com.br\/novoportal\/wp-json\/wp\/v2\/posts\/103889","targetHints":{"allow":["GET"]}}],"collection":[{"href":"https:\/\/www.sudoestehoje.com.br\/novoportal\/wp-json\/wp\/v2\/posts"}],"about":[{"href":"https:\/\/www.sudoestehoje.com.br\/novoportal\/wp-json\/wp\/v2\/types\/post"}],"author":[{"embeddable":true,"href":"https:\/\/www.sudoestehoje.com.br\/novoportal\/wp-json\/wp\/v2\/users\/2"}],"replies":[{"embeddable":true,"href":"https:\/\/www.sudoestehoje.com.br\/novoportal\/wp-json\/wp\/v2\/comments?post=103889"}],"version-history":[{"count":4,"href":"https:\/\/www.sudoestehoje.com.br\/novoportal\/wp-json\/wp\/v2\/posts\/103889\/revisions"}],"predecessor-version":[{"id":103894,"href":"https:\/\/www.sudoestehoje.com.br\/novoportal\/wp-json\/wp\/v2\/posts\/103889\/revisions\/103894"}],"wp:featuredmedia":[{"embeddable":true,"href":"https:\/\/www.sudoestehoje.com.br\/novoportal\/wp-json\/wp\/v2\/media\/103892"}],"wp:attachment":[{"href":"https:\/\/www.sudoestehoje.com.br\/novoportal\/wp-json\/wp\/v2\/media?parent=103889"}],"wp:term":[{"taxonomy":"category","embeddable":true,"href":"https:\/\/www.sudoestehoje.com.br\/novoportal\/wp-json\/wp\/v2\/categories?post=103889"},{"taxonomy":"post_tag","embeddable":true,"href":"https:\/\/www.sudoestehoje.com.br\/novoportal\/wp-json\/wp\/v2\/tags?post=103889"}],"curies":[{"name":"wp","href":"https:\/\/api.w.org\/{rel}","templated":true}]}}