
{"id":103884,"date":"2022-08-04T17:46:43","date_gmt":"2022-08-04T20:46:43","guid":{"rendered":"https:\/\/www.sudoestehoje.com.br\/novoportal\/?p=103884"},"modified":"2022-08-04T17:46:43","modified_gmt":"2022-08-04T20:46:43","slug":"eleicoes-acm-neto-anuncia-ana-coelho-como-sua-candidata-a-vice-governadora","status":"publish","type":"post","link":"https:\/\/www.sudoestehoje.com.br\/novoportal\/2022\/08\/04\/eleicoes-acm-neto-anuncia-ana-coelho-como-sua-candidata-a-vice-governadora\/","title":{"rendered":"ELEI\u00c7\u00d5ES | ACM NETO ANUNCIA ANA COELHO COMO SUA CANDIDATA A VICE-GOVERNADORA"},"content":{"rendered":"<p><a href=\"https:\/\/www.sudoestehoje.com.br\/novoportal\/wp-content\/uploads\/2022\/08\/acm-neto-ana-coelho.png\"><img loading=\"lazy\" decoding=\"async\" class=\"aligncenter size-medium wp-image-103886\" src=\"https:\/\/www.sudoestehoje.com.br\/novoportal\/wp-content\/uploads\/2022\/08\/acm-neto-ana-coelho-500x350.png\" alt=\"\" width=\"500\" height=\"350\" srcset=\"https:\/\/www.sudoestehoje.com.br\/novoportal\/wp-content\/uploads\/2022\/08\/acm-neto-ana-coelho-500x350.png 500w, https:\/\/www.sudoestehoje.com.br\/novoportal\/wp-content\/uploads\/2022\/08\/acm-neto-ana-coelho.png 600w\" sizes=\"auto, (max-width: 500px) 100vw, 500px\" \/><\/a><\/p>\n<p>Em entrevista coletiva nesta quinta-feira (4), o pr\u00e9-candidato ao governo da Bahia pelo Uni\u00e3o Brasil, ACM Neto, apresentou a executiva Ana Coelho (Republicanos), da TV Aratu, como pr\u00e9-candidata a vice-governadora em sua chapa.<\/p>\n<p>Neto destacou que a escolha pela executiva refor\u00e7a a posi\u00e7\u00e3o de oferecer um maior espa\u00e7o \u00e0s mulheres. \u201cNossa pr\u00e9-campanha tem sido marcada por uma presen\u00e7a muito forte das mulheres. As mulheres espontaneamente t\u00eam ido as ruas, as mulheres espontaneamente t\u00eam se manifestado, t\u00eam levantado sua voz\u2026 Eu j\u00e1 disse, e quero repetir, as mulheres t\u00eam uma sensibilidade, principalmente, para enxergar o momento de mudan\u00e7a. Elas trazem dentro de si a esperan\u00e7a de um futuro melhor, a capacidade de sonhar e isso se materializa atrav\u00e9s do desejo de mudan\u00e7a.\u201d<\/p>\n<p>O pr\u00e9-candidato afirmou ainda que, caso seja eleito governador em outubro, as mulheres ter\u00e3o um papel de destaque em sua gest\u00e3o.<\/p>\n<p>\u201cTer uma mulher ao nosso lado \u00e9 algo que nesse momento, sem d\u00favida, \u00e9 uma homenagem a for\u00e7a das mulheres da Bahia, \u00e9 um reconhecimento a import\u00e2ncia da presen\u00e7a das mulheres na pol\u00edtica e \u00e9 o chamado para que as mulheres nos ajudem a pensar nessa Bahia do futuro e, mais do que isso, a construir essa Bahia do futuro\u201d.<\/p>\n","protected":false},"excerpt":{"rendered":"<p>Em entrevista coletiva nesta quinta-feira (4), o pr\u00e9-candidato ao governo da Bahia pelo Uni\u00e3o Brasil, ACM Neto, apresentou a executiva Ana Coelho (Republicanos), da TV Aratu, como pr\u00e9-candidata a vice-governadora em sua chapa. Neto destacou que a escolha pela executiva refor\u00e7a a posi\u00e7\u00e3o de oferecer um maior espa\u00e7o \u00e0s mulheres. \u201cNossa pr\u00e9-campanha tem sido marcada [&hellip;]<\/p>\n","protected":false},"author":2,"featured_media":103886,"comment_status":"open","ping_status":"open","sticky":false,"template":"","format":"standard","meta":{"footnotes":"","_links_to":"","_links_to_target":""},"categories":[1],"tags":[],"class_list":["post-103884","post","type-post","status-publish","format-standard","has-post-thumbnail","hentry","category-geral"],"views":1197,"_links":{"self":[{"href":"https:\/\/www.sudoestehoje.com.br\/novoportal\/wp-json\/wp\/v2\/posts\/103884","targetHints":{"allow":["GET"]}}],"collection":[{"href":"https:\/\/www.sudoestehoje.com.br\/novoportal\/wp-json\/wp\/v2\/posts"}],"about":[{"href":"https:\/\/www.sudoestehoje.com.br\/novoportal\/wp-json\/wp\/v2\/types\/post"}],"author":[{"embeddable":true,"href":"https:\/\/www.sudoestehoje.com.br\/novoportal\/wp-json\/wp\/v2\/users\/2"}],"replies":[{"embeddable":true,"href":"https:\/\/www.sudoestehoje.com.br\/novoportal\/wp-json\/wp\/v2\/comments?post=103884"}],"version-history":[{"count":3,"href":"https:\/\/www.sudoestehoje.com.br\/novoportal\/wp-json\/wp\/v2\/posts\/103884\/revisions"}],"predecessor-version":[{"id":103888,"href":"https:\/\/www.sudoestehoje.com.br\/novoportal\/wp-json\/wp\/v2\/posts\/103884\/revisions\/103888"}],"wp:featuredmedia":[{"embeddable":true,"href":"https:\/\/www.sudoestehoje.com.br\/novoportal\/wp-json\/wp\/v2\/media\/103886"}],"wp:attachment":[{"href":"https:\/\/www.sudoestehoje.com.br\/novoportal\/wp-json\/wp\/v2\/media?parent=103884"}],"wp:term":[{"taxonomy":"category","embeddable":true,"href":"https:\/\/www.sudoestehoje.com.br\/novoportal\/wp-json\/wp\/v2\/categories?post=103884"},{"taxonomy":"post_tag","embeddable":true,"href":"https:\/\/www.sudoestehoje.com.br\/novoportal\/wp-json\/wp\/v2\/tags?post=103884"}],"curies":[{"name":"wp","href":"https:\/\/api.w.org\/{rel}","templated":true}]}}