
{"id":103862,"date":"2022-08-02T22:48:11","date_gmt":"2022-08-03T01:48:11","guid":{"rendered":"https:\/\/www.sudoestehoje.com.br\/novoportal\/?p=103862"},"modified":"2022-08-02T22:48:11","modified_gmt":"2022-08-03T01:48:11","slug":"intermunicipal-domingo-sera-dia-de-reencontro-da-selecao-de-itapetinga-com-o-seu-torcedor-no-primaverao","status":"publish","type":"post","link":"https:\/\/www.sudoestehoje.com.br\/novoportal\/2022\/08\/02\/intermunicipal-domingo-sera-dia-de-reencontro-da-selecao-de-itapetinga-com-o-seu-torcedor-no-primaverao\/","title":{"rendered":"INTERMUNICIPAL: DOMINGO SER\u00c1 DIA DE REENCONTRO DA SELE\u00c7\u00c3O DE ITAPETINGA COM O SEU TORCEDOR NO PRIMAVER\u00c3O"},"content":{"rendered":"<p><a href=\"https:\/\/www.sudoestehoje.com.br\/novoportal\/wp-content\/uploads\/2022\/08\/00c56446-bc35-4d0e-82ad-a9a4f08ce617.jpg\"><img loading=\"lazy\" decoding=\"async\" class=\"aligncenter size-medium wp-image-103863\" src=\"https:\/\/www.sudoestehoje.com.br\/novoportal\/wp-content\/uploads\/2022\/08\/00c56446-bc35-4d0e-82ad-a9a4f08ce617-500x205.jpg\" alt=\"\" width=\"500\" height=\"205\" srcset=\"https:\/\/www.sudoestehoje.com.br\/novoportal\/wp-content\/uploads\/2022\/08\/00c56446-bc35-4d0e-82ad-a9a4f08ce617-500x205.jpg 500w, https:\/\/www.sudoestehoje.com.br\/novoportal\/wp-content\/uploads\/2022\/08\/00c56446-bc35-4d0e-82ad-a9a4f08ce617-700x287.jpg 700w, https:\/\/www.sudoestehoje.com.br\/novoportal\/wp-content\/uploads\/2022\/08\/00c56446-bc35-4d0e-82ad-a9a4f08ce617-768x315.jpg 768w, https:\/\/www.sudoestehoje.com.br\/novoportal\/wp-content\/uploads\/2022\/08\/00c56446-bc35-4d0e-82ad-a9a4f08ce617.jpg 1280w\" sizes=\"auto, (max-width: 500px) 100vw, 500px\" \/><\/a><\/p>\n<p>O pr\u00f3ximo domingo (7\/8) ser\u00e1 marcado pelo reencontro da Sele\u00e7\u00e3o de Itapetinga com o seu torcedor no Est\u00e1dio Primaver\u00e3o. A \u00faltima que vez que a Sele\u00e7\u00e3o do Povo esteve em campo pelo Campeonato Baiano de Futebol Amador, atuando em Casa, foi na Grande Final do certame em 2019.<\/p>\n<p>Para matar a saudade do itapetinguense, um dos maiores cl\u00e1ssicos do futebol baiano acontecer\u00e1 em nossa pra\u00e7a esportiva. Itapetinga receber\u00e1 \u00e0s 15 horas a Sele\u00e7\u00e3o de Itaju\u00edpe, candidata ao t\u00edtulo do certame deste ano.<\/p>\n<p>A expectativa \u00e9 de que um grande p\u00fablico compare\u00e7a ao Est\u00e1dio para torcer pela Sele\u00e7\u00e3o de Itapetinga, que come\u00e7ou a competi\u00e7\u00e3o com o p\u00e9 direito contra Itabuna no \u00faltimo domingo (31\/7), e espera conquistar um resultado positivo no pr\u00f3ximo domingo com o seu apoio torcedor.<em> \/\/Ascom LADI<\/em><\/p>\n","protected":false},"excerpt":{"rendered":"<p>O pr\u00f3ximo domingo (7\/8) ser\u00e1 marcado pelo reencontro da Sele\u00e7\u00e3o de Itapetinga com o seu torcedor no Est\u00e1dio Primaver\u00e3o. A \u00faltima que vez que a Sele\u00e7\u00e3o do Povo esteve em campo pelo Campeonato Baiano de Futebol Amador, atuando em Casa, foi na Grande Final do certame em 2019. Para matar a saudade do itapetinguense, um [&hellip;]<\/p>\n","protected":false},"author":2,"featured_media":103863,"comment_status":"open","ping_status":"open","sticky":false,"template":"","format":"standard","meta":{"footnotes":"","_links_to":"","_links_to_target":""},"categories":[1],"tags":[],"class_list":["post-103862","post","type-post","status-publish","format-standard","has-post-thumbnail","hentry","category-geral"],"views":728,"_links":{"self":[{"href":"https:\/\/www.sudoestehoje.com.br\/novoportal\/wp-json\/wp\/v2\/posts\/103862","targetHints":{"allow":["GET"]}}],"collection":[{"href":"https:\/\/www.sudoestehoje.com.br\/novoportal\/wp-json\/wp\/v2\/posts"}],"about":[{"href":"https:\/\/www.sudoestehoje.com.br\/novoportal\/wp-json\/wp\/v2\/types\/post"}],"author":[{"embeddable":true,"href":"https:\/\/www.sudoestehoje.com.br\/novoportal\/wp-json\/wp\/v2\/users\/2"}],"replies":[{"embeddable":true,"href":"https:\/\/www.sudoestehoje.com.br\/novoportal\/wp-json\/wp\/v2\/comments?post=103862"}],"version-history":[{"count":1,"href":"https:\/\/www.sudoestehoje.com.br\/novoportal\/wp-json\/wp\/v2\/posts\/103862\/revisions"}],"predecessor-version":[{"id":103864,"href":"https:\/\/www.sudoestehoje.com.br\/novoportal\/wp-json\/wp\/v2\/posts\/103862\/revisions\/103864"}],"wp:featuredmedia":[{"embeddable":true,"href":"https:\/\/www.sudoestehoje.com.br\/novoportal\/wp-json\/wp\/v2\/media\/103863"}],"wp:attachment":[{"href":"https:\/\/www.sudoestehoje.com.br\/novoportal\/wp-json\/wp\/v2\/media?parent=103862"}],"wp:term":[{"taxonomy":"category","embeddable":true,"href":"https:\/\/www.sudoestehoje.com.br\/novoportal\/wp-json\/wp\/v2\/categories?post=103862"},{"taxonomy":"post_tag","embeddable":true,"href":"https:\/\/www.sudoestehoje.com.br\/novoportal\/wp-json\/wp\/v2\/tags?post=103862"}],"curies":[{"name":"wp","href":"https:\/\/api.w.org\/{rel}","templated":true}]}}