
{"id":103850,"date":"2022-08-02T18:16:15","date_gmt":"2022-08-02T21:16:15","guid":{"rendered":"https:\/\/www.sudoestehoje.com.br\/novoportal\/?p=103850"},"modified":"2022-08-02T18:16:15","modified_gmt":"2022-08-02T21:16:15","slug":"itapetinga-morre-viladonega-ex-jogador-de-futebol-e-artista-plastico-veja-video","status":"publish","type":"post","link":"https:\/\/www.sudoestehoje.com.br\/novoportal\/2022\/08\/02\/itapetinga-morre-viladonega-ex-jogador-de-futebol-e-artista-plastico-veja-video\/","title":{"rendered":"ITAPETINGA | MORRE VILAD\u00d4NEGA, EX-JOGADOR DE FUTEBOL E ARTISTA PL\u00c1STICO; VEJA V\u00cdDEO"},"content":{"rendered":"<p><a href=\"https:\/\/www.sudoestehoje.com.br\/novoportal\/wp-content\/uploads\/2022\/08\/ReproduC3A7C3A3o-scaled.jpg\"><img loading=\"lazy\" decoding=\"async\" class=\"aligncenter size-medium wp-image-103853\" src=\"https:\/\/www.sudoestehoje.com.br\/novoportal\/wp-content\/uploads\/2022\/08\/ReproduC3A7C3A3o-477x700.jpg\" alt=\"\" width=\"477\" height=\"700\" srcset=\"https:\/\/www.sudoestehoje.com.br\/novoportal\/wp-content\/uploads\/2022\/08\/ReproduC3A7C3A3o-477x700.jpg 477w, https:\/\/www.sudoestehoje.com.br\/novoportal\/wp-content\/uploads\/2022\/08\/ReproduC3A7C3A3o-613x900.jpg 613w, https:\/\/www.sudoestehoje.com.br\/novoportal\/wp-content\/uploads\/2022\/08\/ReproduC3A7C3A3o-768x1128.jpg 768w, https:\/\/www.sudoestehoje.com.br\/novoportal\/wp-content\/uploads\/2022\/08\/ReproduC3A7C3A3o-1046x1536.jpg 1046w, https:\/\/www.sudoestehoje.com.br\/novoportal\/wp-content\/uploads\/2022\/08\/ReproduC3A7C3A3o-1395x2048.jpg 1395w, https:\/\/www.sudoestehoje.com.br\/novoportal\/wp-content\/uploads\/2022\/08\/ReproduC3A7C3A3o-scaled.jpg 1743w\" sizes=\"auto, (max-width: 477px) 100vw, 477px\" \/><\/a><\/p>\n<p>Faleceu nesta ter\u00e7a-feira (2), o ex-jogador do Vasco da Gama do Rio de Janeiro e Atl\u00e9tico Mineiro, Vilad\u00f4nega Rodrigu\u00eas, aos 80 anos, de causas naturais.<\/p>\n<p>Nascido em Euclides da Cunha (BA), no dia 8 de junho de 1942, o goleador Viladonega iniciou sua carreira no Jequi\u00e9-BA, teve uma curta passagem pelo <b>Vasco<\/b>\u00a0e chegou ao Atl\u00e9tico Mineiro. No Galo, entre 60 e 66, foram 41 gols marcados em 95 partidas disputadas. Ele \u00e9 o 53\u00ba maior artilheiro da hist\u00f3ria do clube.<\/p>\n<p>Morador de Itapetinga, desde os anos 70, quando encerrou sua carreira de no futebol, Vila passou a se dedicar \u00e0 arte pl\u00e1stica, pintura de pain\u00e9is, cartazes e letreiros comerciais.<\/p>\n<p>Vila era filho do saudoso top\u00f3grafo Expedito Rodrigu\u00eas, que por muitos anos atuou e prestou servi\u00e7os na prefeitura municipal de Itapetinga, e de D. Ad\u00e9lia, tamb\u00e9m falecida.<\/p>\n<p>O <em>Sudoeste Hoje<\/em> lamenta a perda do amigo e estende as suas condol\u00eancias \u00e0 toda a fam\u00edlia, especialmente aos seus irm\u00e3os T\u00e2nia e Dito, amigos de longas data.<\/p>\n<p>O funeral acontecer\u00e1 na Pax Perfei\u00e7\u00e3o, em Itapetinga, com sepultamento previsto para as 10h desta quarta-feira (3).<\/p>\n<p><strong><em>Confira v\u00eddeo:<\/em><\/strong><\/p>\n<p><iframe loading=\"lazy\" title=\"Vilad\u00f4nega   Bom de Bola e Tela\" width=\"500\" height=\"281\" src=\"https:\/\/www.youtube.com\/embed\/WFQO6_6dWuw?start=56&#038;feature=oembed\" frameborder=\"0\" allow=\"accelerometer; autoplay; clipboard-write; encrypted-media; gyroscope; picture-in-picture; web-share\" referrerpolicy=\"strict-origin-when-cross-origin\" allowfullscreen><\/iframe><\/p>\n<p><strong><em>Davi Ferraz &#8211; Editor<\/em><\/strong><\/p>\n","protected":false},"excerpt":{"rendered":"<p>Faleceu nesta ter\u00e7a-feira (2), o ex-jogador do Vasco da Gama do Rio de Janeiro e Atl\u00e9tico Mineiro, Vilad\u00f4nega Rodrigu\u00eas, aos 80 anos, de causas naturais. Nascido em Euclides da Cunha (BA), no dia 8 de junho de 1942, o goleador Viladonega iniciou sua carreira no Jequi\u00e9-BA, teve uma curta passagem pelo Vasco\u00a0e chegou ao Atl\u00e9tico [&hellip;]<\/p>\n","protected":false},"author":2,"featured_media":0,"comment_status":"open","ping_status":"open","sticky":false,"template":"","format":"standard","meta":{"footnotes":"","_links_to":"","_links_to_target":""},"categories":[1],"tags":[],"class_list":["post-103850","post","type-post","status-publish","format-standard","hentry","category-geral"],"views":1568,"_links":{"self":[{"href":"https:\/\/www.sudoestehoje.com.br\/novoportal\/wp-json\/wp\/v2\/posts\/103850","targetHints":{"allow":["GET"]}}],"collection":[{"href":"https:\/\/www.sudoestehoje.com.br\/novoportal\/wp-json\/wp\/v2\/posts"}],"about":[{"href":"https:\/\/www.sudoestehoje.com.br\/novoportal\/wp-json\/wp\/v2\/types\/post"}],"author":[{"embeddable":true,"href":"https:\/\/www.sudoestehoje.com.br\/novoportal\/wp-json\/wp\/v2\/users\/2"}],"replies":[{"embeddable":true,"href":"https:\/\/www.sudoestehoje.com.br\/novoportal\/wp-json\/wp\/v2\/comments?post=103850"}],"version-history":[{"count":5,"href":"https:\/\/www.sudoestehoje.com.br\/novoportal\/wp-json\/wp\/v2\/posts\/103850\/revisions"}],"predecessor-version":[{"id":103856,"href":"https:\/\/www.sudoestehoje.com.br\/novoportal\/wp-json\/wp\/v2\/posts\/103850\/revisions\/103856"}],"wp:attachment":[{"href":"https:\/\/www.sudoestehoje.com.br\/novoportal\/wp-json\/wp\/v2\/media?parent=103850"}],"wp:term":[{"taxonomy":"category","embeddable":true,"href":"https:\/\/www.sudoestehoje.com.br\/novoportal\/wp-json\/wp\/v2\/categories?post=103850"},{"taxonomy":"post_tag","embeddable":true,"href":"https:\/\/www.sudoestehoje.com.br\/novoportal\/wp-json\/wp\/v2\/tags?post=103850"}],"curies":[{"name":"wp","href":"https:\/\/api.w.org\/{rel}","templated":true}]}}