
{"id":103843,"date":"2022-08-02T08:54:48","date_gmt":"2022-08-02T11:54:48","guid":{"rendered":"https:\/\/www.sudoestehoje.com.br\/novoportal\/?p=103843"},"modified":"2022-08-02T08:56:29","modified_gmt":"2022-08-02T11:56:29","slug":"conquista-parceria-entre-fundacao-jose-silveira-e-prefeitura-leva-acoes-de-saude-e-servicos-a-vila-elisa","status":"publish","type":"post","link":"https:\/\/www.sudoestehoje.com.br\/novoportal\/2022\/08\/02\/conquista-parceria-entre-fundacao-jose-silveira-e-prefeitura-leva-acoes-de-saude-e-servicos-a-vila-elisa\/","title":{"rendered":"CONQUISTA: PARCERIA ENTRE FUNDA\u00c7\u00c3O JOS\u00c9 SILVEIRA E PREFEITURA LEVA A\u00c7\u00d5ES DE SA\u00daDE E SERVI\u00c7OS \u00c0 VILA ELISA"},"content":{"rendered":"<p><a href=\"https:\/\/www.sudoestehoje.com.br\/novoportal\/wp-content\/uploads\/2022\/08\/DSC_3013.jpg\"><img loading=\"lazy\" decoding=\"async\" class=\"aligncenter size-medium wp-image-103848\" src=\"https:\/\/www.sudoestehoje.com.br\/novoportal\/wp-content\/uploads\/2022\/08\/DSC_3013-500x334.jpg\" alt=\"\" width=\"500\" height=\"334\" srcset=\"https:\/\/www.sudoestehoje.com.br\/novoportal\/wp-content\/uploads\/2022\/08\/DSC_3013-500x334.jpg 500w, https:\/\/www.sudoestehoje.com.br\/novoportal\/wp-content\/uploads\/2022\/08\/DSC_3013.jpg 600w\" sizes=\"auto, (max-width: 500px) 100vw, 500px\" \/><\/a><\/p>\n<p>Durante reuni\u00e3o com o Comit\u00ea Gestor do Prefeitura M\u00f3vel, em ||Vit\u00f3ria da Conquista, a prefeita Sheila Lemos tratou sobre a pr\u00f3xima edi\u00e7\u00e3o do projeto, que contemplar\u00e1 os condom\u00ednios do Vila Elisa nos dias 10, 11 e 12 de agosto, com atendimento m\u00e9dico e realiza\u00e7\u00e3o de exames como preventivo, ultrassonografia e eletrocardiograma, al\u00e9m dos servi\u00e7os da Coelba, Embasa, Cart\u00e3o Sus e Aux\u00edlio Brasil.<\/p>\n<p>Na edi\u00e7\u00e3o de agosto, o projeto Prefeitura M\u00f3vel ter\u00e1 as parcerias da Funda\u00e7\u00e3o de Sa\u00fade de Vit\u00f3ria da Conquista e da <strong>Funda\u00e7\u00e3o Jos\u00e9 Silveira<\/strong> e a expectativa \u00e9 atender mais de duas mil pessoas.<\/p>\n<p>Na regi\u00e3o Sudoeste, a Funda\u00e7\u00e3o Jos\u00e9 Silveira tem atuado em diversas cidades, especialmente em Itapetinga, Jequi\u00e9 e Vit\u00f3ria da Conquista.<\/p>\n","protected":false},"excerpt":{"rendered":"<p>Durante reuni\u00e3o com o Comit\u00ea Gestor do Prefeitura M\u00f3vel, em ||Vit\u00f3ria da Conquista, a prefeita Sheila Lemos tratou sobre a pr\u00f3xima edi\u00e7\u00e3o do projeto, que contemplar\u00e1 os condom\u00ednios do Vila Elisa nos dias 10, 11 e 12 de agosto, com atendimento m\u00e9dico e realiza\u00e7\u00e3o de exames como preventivo, ultrassonografia e eletrocardiograma, al\u00e9m dos servi\u00e7os da [&hellip;]<\/p>\n","protected":false},"author":2,"featured_media":103848,"comment_status":"open","ping_status":"open","sticky":false,"template":"","format":"standard","meta":{"footnotes":"","_links_to":"","_links_to_target":""},"categories":[1],"tags":[],"class_list":["post-103843","post","type-post","status-publish","format-standard","has-post-thumbnail","hentry","category-geral"],"views":851,"_links":{"self":[{"href":"https:\/\/www.sudoestehoje.com.br\/novoportal\/wp-json\/wp\/v2\/posts\/103843","targetHints":{"allow":["GET"]}}],"collection":[{"href":"https:\/\/www.sudoestehoje.com.br\/novoportal\/wp-json\/wp\/v2\/posts"}],"about":[{"href":"https:\/\/www.sudoestehoje.com.br\/novoportal\/wp-json\/wp\/v2\/types\/post"}],"author":[{"embeddable":true,"href":"https:\/\/www.sudoestehoje.com.br\/novoportal\/wp-json\/wp\/v2\/users\/2"}],"replies":[{"embeddable":true,"href":"https:\/\/www.sudoestehoje.com.br\/novoportal\/wp-json\/wp\/v2\/comments?post=103843"}],"version-history":[{"count":5,"href":"https:\/\/www.sudoestehoje.com.br\/novoportal\/wp-json\/wp\/v2\/posts\/103843\/revisions"}],"predecessor-version":[{"id":103849,"href":"https:\/\/www.sudoestehoje.com.br\/novoportal\/wp-json\/wp\/v2\/posts\/103843\/revisions\/103849"}],"wp:featuredmedia":[{"embeddable":true,"href":"https:\/\/www.sudoestehoje.com.br\/novoportal\/wp-json\/wp\/v2\/media\/103848"}],"wp:attachment":[{"href":"https:\/\/www.sudoestehoje.com.br\/novoportal\/wp-json\/wp\/v2\/media?parent=103843"}],"wp:term":[{"taxonomy":"category","embeddable":true,"href":"https:\/\/www.sudoestehoje.com.br\/novoportal\/wp-json\/wp\/v2\/categories?post=103843"},{"taxonomy":"post_tag","embeddable":true,"href":"https:\/\/www.sudoestehoje.com.br\/novoportal\/wp-json\/wp\/v2\/tags?post=103843"}],"curies":[{"name":"wp","href":"https:\/\/api.w.org\/{rel}","templated":true}]}}