
{"id":103833,"date":"2022-08-02T01:24:28","date_gmt":"2022-08-02T04:24:28","guid":{"rendered":"https:\/\/www.sudoestehoje.com.br\/novoportal\/?p=103833"},"modified":"2022-08-02T01:24:28","modified_gmt":"2022-08-02T04:24:28","slug":"colegio-alfredo-dutra-oferece-70-vagas-para-cursos-profissionalizantes-matricule-se","status":"publish","type":"post","link":"https:\/\/www.sudoestehoje.com.br\/novoportal\/2022\/08\/02\/colegio-alfredo-dutra-oferece-70-vagas-para-cursos-profissionalizantes-matricule-se\/","title":{"rendered":"COL\u00c9GIO ALFREDO DUTRA OFERECE 70 VAGAS PARA CURSOS PROFISSIONALIZANTES; MATRICULE-SE"},"content":{"rendered":"<p><a href=\"https:\/\/www.sudoestehoje.com.br\/novoportal\/wp-content\/uploads\/2022\/08\/WhatsApp-Image-2022-08-01-at-16.10.42.jpeg\"><img loading=\"lazy\" decoding=\"async\" class=\"aligncenter size-medium wp-image-103836\" src=\"https:\/\/www.sudoestehoje.com.br\/novoportal\/wp-content\/uploads\/2022\/08\/WhatsApp-Image-2022-08-01-at-16.10.42-500x502.jpeg\" alt=\"\" width=\"500\" height=\"502\" srcset=\"https:\/\/www.sudoestehoje.com.br\/novoportal\/wp-content\/uploads\/2022\/08\/WhatsApp-Image-2022-08-01-at-16.10.42-500x502.jpeg 500w, https:\/\/www.sudoestehoje.com.br\/novoportal\/wp-content\/uploads\/2022\/08\/WhatsApp-Image-2022-08-01-at-16.10.42-700x703.jpeg 700w, https:\/\/www.sudoestehoje.com.br\/novoportal\/wp-content\/uploads\/2022\/08\/WhatsApp-Image-2022-08-01-at-16.10.42-150x150.jpeg 150w, https:\/\/www.sudoestehoje.com.br\/novoportal\/wp-content\/uploads\/2022\/08\/WhatsApp-Image-2022-08-01-at-16.10.42-768x772.jpeg 768w, https:\/\/www.sudoestehoje.com.br\/novoportal\/wp-content\/uploads\/2022\/08\/WhatsApp-Image-2022-08-01-at-16.10.42.jpeg 1080w\" sizes=\"auto, (max-width: 500px) 100vw, 500px\" \/><\/a><\/p>\n<p>A oportunidade est\u00e1 aqui! O <strong>Col\u00e9gio Estadual Alfredo Dutra<\/strong>, tradi\u00e7\u00e3o em cursos de Educa\u00e7\u00e3o Profissional, oferece 70 vagas para matr\u00edcula imediata nos cursos t\u00e9cnicos de<strong> Inform\u00e1tica e Nutri\u00e7\u00e3o e Diet\u00e9tica<\/strong>. Os cursos tem dura\u00e7\u00e3o de 2 anos e meio, e s\u00e3o oferecidos no Noturno para quem j\u00e1 fez o Ensino Fundamental.<\/p>\n<p>Corre que ainda d\u00e1 tempo!<\/p>\n","protected":false},"excerpt":{"rendered":"<p>A oportunidade est\u00e1 aqui! O Col\u00e9gio Estadual Alfredo Dutra, tradi\u00e7\u00e3o em cursos de Educa\u00e7\u00e3o Profissional, oferece 70 vagas para matr\u00edcula imediata nos cursos t\u00e9cnicos de Inform\u00e1tica e Nutri\u00e7\u00e3o e Diet\u00e9tica. Os cursos tem dura\u00e7\u00e3o de 2 anos e meio, e s\u00e3o oferecidos no Noturno para quem j\u00e1 fez o Ensino Fundamental. Corre que ainda d\u00e1 [&hellip;]<\/p>\n","protected":false},"author":2,"featured_media":103836,"comment_status":"open","ping_status":"open","sticky":false,"template":"","format":"standard","meta":{"footnotes":"","_links_to":"","_links_to_target":""},"categories":[1],"tags":[],"class_list":["post-103833","post","type-post","status-publish","format-standard","has-post-thumbnail","hentry","category-geral"],"views":897,"_links":{"self":[{"href":"https:\/\/www.sudoestehoje.com.br\/novoportal\/wp-json\/wp\/v2\/posts\/103833","targetHints":{"allow":["GET"]}}],"collection":[{"href":"https:\/\/www.sudoestehoje.com.br\/novoportal\/wp-json\/wp\/v2\/posts"}],"about":[{"href":"https:\/\/www.sudoestehoje.com.br\/novoportal\/wp-json\/wp\/v2\/types\/post"}],"author":[{"embeddable":true,"href":"https:\/\/www.sudoestehoje.com.br\/novoportal\/wp-json\/wp\/v2\/users\/2"}],"replies":[{"embeddable":true,"href":"https:\/\/www.sudoestehoje.com.br\/novoportal\/wp-json\/wp\/v2\/comments?post=103833"}],"version-history":[{"count":3,"href":"https:\/\/www.sudoestehoje.com.br\/novoportal\/wp-json\/wp\/v2\/posts\/103833\/revisions"}],"predecessor-version":[{"id":103837,"href":"https:\/\/www.sudoestehoje.com.br\/novoportal\/wp-json\/wp\/v2\/posts\/103833\/revisions\/103837"}],"wp:featuredmedia":[{"embeddable":true,"href":"https:\/\/www.sudoestehoje.com.br\/novoportal\/wp-json\/wp\/v2\/media\/103836"}],"wp:attachment":[{"href":"https:\/\/www.sudoestehoje.com.br\/novoportal\/wp-json\/wp\/v2\/media?parent=103833"}],"wp:term":[{"taxonomy":"category","embeddable":true,"href":"https:\/\/www.sudoestehoje.com.br\/novoportal\/wp-json\/wp\/v2\/categories?post=103833"},{"taxonomy":"post_tag","embeddable":true,"href":"https:\/\/www.sudoestehoje.com.br\/novoportal\/wp-json\/wp\/v2\/tags?post=103833"}],"curies":[{"name":"wp","href":"https:\/\/api.w.org\/{rel}","templated":true}]}}