
{"id":103810,"date":"2022-08-01T10:20:44","date_gmt":"2022-08-01T13:20:44","guid":{"rendered":"https:\/\/www.sudoestehoje.com.br\/novoportal\/?p=103810"},"modified":"2022-08-01T10:20:44","modified_gmt":"2022-08-01T13:20:44","slug":"ibge-com-2-anos-de-atraso-coleta-do-censo-demografico-comeca-nesta-segunda","status":"publish","type":"post","link":"https:\/\/www.sudoestehoje.com.br\/novoportal\/2022\/08\/01\/ibge-com-2-anos-de-atraso-coleta-do-censo-demografico-comeca-nesta-segunda\/","title":{"rendered":"IBGE | COM 2 ANOS DE ATRASO, COLETA DO CENSO DEMOGR\u00c1FICO COME\u00c7A NESTA SEGUNDA"},"content":{"rendered":"<p><a href=\"https:\/\/www.sudoestehoje.com.br\/novoportal\/wp-content\/uploads\/2022\/08\/IBGE.jpg\"><img loading=\"lazy\" decoding=\"async\" class=\"size-medium wp-image-103812\" src=\"https:\/\/www.sudoestehoje.com.br\/novoportal\/wp-content\/uploads\/2022\/08\/IBGE-500x299.jpg\" alt=\"\" width=\"500\" height=\"299\" srcset=\"https:\/\/www.sudoestehoje.com.br\/novoportal\/wp-content\/uploads\/2022\/08\/IBGE-500x299.jpg 500w, https:\/\/www.sudoestehoje.com.br\/novoportal\/wp-content\/uploads\/2022\/08\/IBGE-700x419.jpg 700w, https:\/\/www.sudoestehoje.com.br\/novoportal\/wp-content\/uploads\/2022\/08\/IBGE-768x459.jpg 768w, https:\/\/www.sudoestehoje.com.br\/novoportal\/wp-content\/uploads\/2022\/08\/IBGE.jpg 1170w\" sizes=\"auto, (max-width: 500px) 100vw, 500px\" \/><\/a><\/p>\n<p>A pandemia da Covid-19 e as crises na destina\u00e7\u00e3o de recursos para a realiza\u00e7\u00e3o do\u00a0Censo Demogr\u00e1fico\u00a0adiaram em dois anos a realiza\u00e7\u00e3o da pesquisa.<\/p>\n<p data-gtm-vis-recent-on-screen-8752935_845=\"46739\" data-gtm-vis-first-on-screen-8752935_845=\"46739\" data-gtm-vis-total-visible-time-8752935_845=\"100\" data-gtm-vis-has-fired-8752935_845=\"1\">Ap\u00f3s o atraso,\u00a0recenseadores treinados pelo Instituto Brasileiro de Geografia e Estat\u00edstica (IBGE)\u00a0iniciam, nesta segunda-feira (1\u00ba\/8), a coleta de dados do maior e mais importante estudo sobre a popula\u00e7\u00e3o brasileira.<\/p>\n<p>De acordo com o IBGE, a previs\u00e3o \u00e9 que sejam visitados 75 milh\u00f5es de domic\u00edlios at\u00e9 o in\u00edcio de novembro. O instituto estima que, para coletar dados suficientes sobre a condi\u00e7\u00e3o de vida dos brasileiros, ser\u00e1 necess\u00e1rio percorrer mais de 8,5 mil quil\u00f4metros quadrados pelos quatro cantos do pa\u00eds.<\/p>\n<p>\u201cOs primeiros resultados do Censo 2022 est\u00e3o previstos para serem divulgados ainda no fim deste ano. Outras an\u00e1lises e cruzamentos de dados ser\u00e3o divulgados ao longo de 2023 e 2024\u201d, informou o IBGE.<\/p>\n","protected":false},"excerpt":{"rendered":"<p>A pandemia da Covid-19 e as crises na destina\u00e7\u00e3o de recursos para a realiza\u00e7\u00e3o do\u00a0Censo Demogr\u00e1fico\u00a0adiaram em dois anos a realiza\u00e7\u00e3o da pesquisa. Ap\u00f3s o atraso,\u00a0recenseadores treinados pelo Instituto Brasileiro de Geografia e Estat\u00edstica (IBGE)\u00a0iniciam, nesta segunda-feira (1\u00ba\/8), a coleta de dados do maior e mais importante estudo sobre a popula\u00e7\u00e3o brasileira. De acordo com [&hellip;]<\/p>\n","protected":false},"author":2,"featured_media":103812,"comment_status":"open","ping_status":"open","sticky":false,"template":"","format":"standard","meta":{"footnotes":"","_links_to":"","_links_to_target":""},"categories":[1],"tags":[],"class_list":["post-103810","post","type-post","status-publish","format-standard","has-post-thumbnail","hentry","category-geral"],"views":691,"_links":{"self":[{"href":"https:\/\/www.sudoestehoje.com.br\/novoportal\/wp-json\/wp\/v2\/posts\/103810","targetHints":{"allow":["GET"]}}],"collection":[{"href":"https:\/\/www.sudoestehoje.com.br\/novoportal\/wp-json\/wp\/v2\/posts"}],"about":[{"href":"https:\/\/www.sudoestehoje.com.br\/novoportal\/wp-json\/wp\/v2\/types\/post"}],"author":[{"embeddable":true,"href":"https:\/\/www.sudoestehoje.com.br\/novoportal\/wp-json\/wp\/v2\/users\/2"}],"replies":[{"embeddable":true,"href":"https:\/\/www.sudoestehoje.com.br\/novoportal\/wp-json\/wp\/v2\/comments?post=103810"}],"version-history":[{"count":2,"href":"https:\/\/www.sudoestehoje.com.br\/novoportal\/wp-json\/wp\/v2\/posts\/103810\/revisions"}],"predecessor-version":[{"id":103813,"href":"https:\/\/www.sudoestehoje.com.br\/novoportal\/wp-json\/wp\/v2\/posts\/103810\/revisions\/103813"}],"wp:featuredmedia":[{"embeddable":true,"href":"https:\/\/www.sudoestehoje.com.br\/novoportal\/wp-json\/wp\/v2\/media\/103812"}],"wp:attachment":[{"href":"https:\/\/www.sudoestehoje.com.br\/novoportal\/wp-json\/wp\/v2\/media?parent=103810"}],"wp:term":[{"taxonomy":"category","embeddable":true,"href":"https:\/\/www.sudoestehoje.com.br\/novoportal\/wp-json\/wp\/v2\/categories?post=103810"},{"taxonomy":"post_tag","embeddable":true,"href":"https:\/\/www.sudoestehoje.com.br\/novoportal\/wp-json\/wp\/v2\/tags?post=103810"}],"curies":[{"name":"wp","href":"https:\/\/api.w.org\/{rel}","templated":true}]}}