
{"id":10381,"date":"2011-11-08T11:06:53","date_gmt":"2011-11-08T14:06:53","guid":{"rendered":"http:\/\/www.sudoestehoje.com.br\/novoportal\/?p=10381"},"modified":"2011-11-08T11:06:53","modified_gmt":"2011-11-08T14:06:53","slug":"agenda-do-pre-candidato-arnaldo-teixeira-na-ultima-semana","status":"publish","type":"post","link":"https:\/\/www.sudoestehoje.com.br\/novoportal\/2011\/11\/08\/agenda-do-pre-candidato-arnaldo-teixeira-na-ultima-semana\/","title":{"rendered":"AGENDA DO PR\u00c9-CANDIDATO ARNALDO TEIXEIRA, NA \u00daLTIMA SEMANA"},"content":{"rendered":"<p><a href=\"http:\/\/www.sudoestehoje.com.br\/novoportal\/wp-content\/uploads\/2011\/11\/ARNALDINHO-1.jpg\"><img loading=\"lazy\" decoding=\"async\" class=\"aligncenter size-medium wp-image-10384\" title=\"ARNALDINHO 1\" src=\"http:\/\/www.sudoestehoje.com.br\/novoportal\/wp-content\/uploads\/2011\/11\/ARNALDINHO-1-500x375.jpg\" alt=\"\" width=\"500\" height=\"375\" srcset=\"https:\/\/www.sudoestehoje.com.br\/novoportal\/wp-content\/uploads\/2011\/11\/ARNALDINHO-1-500x375.jpg 500w, https:\/\/www.sudoestehoje.com.br\/novoportal\/wp-content\/uploads\/2011\/11\/ARNALDINHO-1.jpg 800w\" sizes=\"auto, (max-width: 500px) 100vw, 500px\" \/><\/a><\/p>\n<p>A semana do pr\u00e9-candidato Arnaldo Teixeira come\u00e7ou com sempre, com a realiza\u00e7\u00e3o da \u00a0j\u00e1 famosa reuni\u00e3o em sua resid\u00eancia, que ocorre todas as segundas-feiras. Nesta semana, dezenas de pessoas aderiram a este projeto politico, que j\u00e1 conta com expressivo n\u00famero de participantes.<\/p>\n<p>No dia 01 de novembro Dr. Arnaldo esteve na rua Donaciano Macedo, na Vila Isabel. Mesmo debaixo de chuva e lama as pessoas compareceram para ouvi as propostas do pr\u00e9-candidato e tamb\u00e9m expor as sua queixas contra a administra\u00e7\u00e3o municipal, que n\u00e3o s\u00e3o poucas.<\/p>\n<p>No dia 03 de novembro foi realizado um encontro na Rua Ant\u00f4nio Castro de Matos, tamb\u00e9m na Vila Isabel, com um grande n\u00famero de participantes.<\/p>\n<p style=\"text-align: center;\"><img decoding=\"async\" class=\"aligncenter\" src=\"http:\/\/www.sudoestehoje.com.br\/novoportal\/wp-content\/uploads\/2011\/11\/ARNALDINHO-2-500x375.jpg\" alt=\"\" \/><\/p>\n<p>No s\u00e1bado, 05, o encontro foi feito na Travessa 3, na Nova Itapetinga. Como em outros encontros que o Dr. Arnaldo comparece, a aceita\u00e7\u00e3o e ades\u00e3o a suas propostas pol\u00edticas t\u00eam sido quase un\u00e2nimes.<\/p>\n<p><em>Texto e fotos da Ascom do pr\u00e9-candidato Arnaldo Teixeira<br \/>\n<\/em><\/p>\n","protected":false},"excerpt":{"rendered":"<p>A semana do pr\u00e9-candidato Arnaldo Teixeira come\u00e7ou com sempre, com a realiza\u00e7\u00e3o da \u00a0j\u00e1 famosa reuni\u00e3o em sua resid\u00eancia, que ocorre todas as segundas-feiras. Nesta semana, dezenas de pessoas aderiram a este projeto politico, que j\u00e1 conta com expressivo n\u00famero de participantes. No dia 01 de novembro Dr. Arnaldo esteve na rua Donaciano Macedo, na [&hellip;]<\/p>\n","protected":false},"author":2,"featured_media":0,"comment_status":"open","ping_status":"open","sticky":false,"template":"","format":"standard","meta":{"footnotes":"","_links_to":"","_links_to_target":""},"categories":[1],"tags":[],"class_list":["post-10381","post","type-post","status-publish","format-standard","hentry","category-geral"],"views":1260,"_links":{"self":[{"href":"https:\/\/www.sudoestehoje.com.br\/novoportal\/wp-json\/wp\/v2\/posts\/10381","targetHints":{"allow":["GET"]}}],"collection":[{"href":"https:\/\/www.sudoestehoje.com.br\/novoportal\/wp-json\/wp\/v2\/posts"}],"about":[{"href":"https:\/\/www.sudoestehoje.com.br\/novoportal\/wp-json\/wp\/v2\/types\/post"}],"author":[{"embeddable":true,"href":"https:\/\/www.sudoestehoje.com.br\/novoportal\/wp-json\/wp\/v2\/users\/2"}],"replies":[{"embeddable":true,"href":"https:\/\/www.sudoestehoje.com.br\/novoportal\/wp-json\/wp\/v2\/comments?post=10381"}],"version-history":[{"count":7,"href":"https:\/\/www.sudoestehoje.com.br\/novoportal\/wp-json\/wp\/v2\/posts\/10381\/revisions"}],"predecessor-version":[{"id":10390,"href":"https:\/\/www.sudoestehoje.com.br\/novoportal\/wp-json\/wp\/v2\/posts\/10381\/revisions\/10390"}],"wp:attachment":[{"href":"https:\/\/www.sudoestehoje.com.br\/novoportal\/wp-json\/wp\/v2\/media?parent=10381"}],"wp:term":[{"taxonomy":"category","embeddable":true,"href":"https:\/\/www.sudoestehoje.com.br\/novoportal\/wp-json\/wp\/v2\/categories?post=10381"},{"taxonomy":"post_tag","embeddable":true,"href":"https:\/\/www.sudoestehoje.com.br\/novoportal\/wp-json\/wp\/v2\/tags?post=10381"}],"curies":[{"name":"wp","href":"https:\/\/api.w.org\/{rel}","templated":true}]}}