
{"id":103804,"date":"2022-08-01T10:11:44","date_gmt":"2022-08-01T13:11:44","guid":{"rendered":"https:\/\/www.sudoestehoje.com.br\/novoportal\/?p=103804"},"modified":"2022-08-01T10:13:16","modified_gmt":"2022-08-01T13:13:16","slug":"103804","status":"publish","type":"post","link":"https:\/\/www.sudoestehoje.com.br\/novoportal\/2022\/08\/01\/103804\/","title":{"rendered":"VAR\u00cdOLA DOS MACACOS | MINISTRO DA SA\u00daDE ANUNCIA COMPRA DE ANTIVIRAL"},"content":{"rendered":"<p><a href=\"https:\/\/www.sudoestehoje.com.br\/novoportal\/wp-content\/uploads\/2022\/08\/tubos-de-ensaio-rotulados-como-virus-de-variola-de-macaco-positivo-sao-vistos-nesta-ilustracao-em-22-de-maio-1653307994074_v2_615x300.jpg\"><img loading=\"lazy\" decoding=\"async\" class=\"aligncenter size-medium wp-image-103806\" src=\"https:\/\/www.sudoestehoje.com.br\/novoportal\/wp-content\/uploads\/2022\/08\/tubos-de-ensaio-rotulados-como-virus-de-variola-de-macaco-positivo-sao-vistos-nesta-ilustracao-em-22-de-maio-1653307994074_v2_615x300-500x244.jpg\" alt=\"\" width=\"500\" height=\"244\" srcset=\"https:\/\/www.sudoestehoje.com.br\/novoportal\/wp-content\/uploads\/2022\/08\/tubos-de-ensaio-rotulados-como-virus-de-variola-de-macaco-positivo-sao-vistos-nesta-ilustracao-em-22-de-maio-1653307994074_v2_615x300-500x244.jpg 500w, https:\/\/www.sudoestehoje.com.br\/novoportal\/wp-content\/uploads\/2022\/08\/tubos-de-ensaio-rotulados-como-virus-de-variola-de-macaco-positivo-sao-vistos-nesta-ilustracao-em-22-de-maio-1653307994074_v2_615x300.jpg 615w\" sizes=\"auto, (max-width: 500px) 100vw, 500px\" \/><\/a><\/p>\n<p>O ministro da Sa\u00fade, Marcelo Queiroga, anunciou em uma rede social, nesta segunda-feira (1\u00ba\/8), que o Brasil receber\u00e1 o antiviral tecovirimat, medicamento usado contra a var\u00edola dos macacos. A compra ser\u00e1 realizada por interm\u00e9dio da Organiza\u00e7\u00e3o Pan-Americana de Sa\u00fade (Opas).<\/p>\n<p dir=\"ltr\" lang=\"pt\" data-gtm-vis-recent-on-screen-8752935_845=\"8157\" data-gtm-vis-first-on-screen-8752935_845=\"8157\" data-gtm-vis-total-visible-time-8752935_845=\"100\" data-gtm-vis-has-fired-8752935_845=\"1\">De acordo com Queiroga, as primeiras remessas ser\u00e3o destinadas a \u201ccasos mais graves\u201d da doen\u00e7a. O objetivo \u00e9\u00a0refor\u00e7ar o enfrentamento ao surto que ocorre no Brasil. O \u00faltimo boletim registrado aponta 1.066 casos no Brasil.<\/p>\n<p dir=\"ltr\" lang=\"pt\">Apesar de ter divulgado a aquisi\u00e7\u00e3o, o ministro n\u00e3o informou quantas doses ser\u00e3o compradas nem o prazo para que o rem\u00e9dio chegue ao Brasil. <em>\/\/Metr\u00f3poles<\/em><\/p>\n","protected":false},"excerpt":{"rendered":"<p>O ministro da Sa\u00fade, Marcelo Queiroga, anunciou em uma rede social, nesta segunda-feira (1\u00ba\/8), que o Brasil receber\u00e1 o antiviral tecovirimat, medicamento usado contra a var\u00edola dos macacos. A compra ser\u00e1 realizada por interm\u00e9dio da Organiza\u00e7\u00e3o Pan-Americana de Sa\u00fade (Opas). De acordo com Queiroga, as primeiras remessas ser\u00e3o destinadas a \u201ccasos mais graves\u201d da doen\u00e7a. [&hellip;]<\/p>\n","protected":false},"author":2,"featured_media":103806,"comment_status":"open","ping_status":"open","sticky":false,"template":"","format":"standard","meta":{"footnotes":"","_links_to":"","_links_to_target":""},"categories":[1],"tags":[],"class_list":["post-103804","post","type-post","status-publish","format-standard","has-post-thumbnail","hentry","category-geral"],"views":801,"_links":{"self":[{"href":"https:\/\/www.sudoestehoje.com.br\/novoportal\/wp-json\/wp\/v2\/posts\/103804","targetHints":{"allow":["GET"]}}],"collection":[{"href":"https:\/\/www.sudoestehoje.com.br\/novoportal\/wp-json\/wp\/v2\/posts"}],"about":[{"href":"https:\/\/www.sudoestehoje.com.br\/novoportal\/wp-json\/wp\/v2\/types\/post"}],"author":[{"embeddable":true,"href":"https:\/\/www.sudoestehoje.com.br\/novoportal\/wp-json\/wp\/v2\/users\/2"}],"replies":[{"embeddable":true,"href":"https:\/\/www.sudoestehoje.com.br\/novoportal\/wp-json\/wp\/v2\/comments?post=103804"}],"version-history":[{"count":3,"href":"https:\/\/www.sudoestehoje.com.br\/novoportal\/wp-json\/wp\/v2\/posts\/103804\/revisions"}],"predecessor-version":[{"id":103809,"href":"https:\/\/www.sudoestehoje.com.br\/novoportal\/wp-json\/wp\/v2\/posts\/103804\/revisions\/103809"}],"wp:featuredmedia":[{"embeddable":true,"href":"https:\/\/www.sudoestehoje.com.br\/novoportal\/wp-json\/wp\/v2\/media\/103806"}],"wp:attachment":[{"href":"https:\/\/www.sudoestehoje.com.br\/novoportal\/wp-json\/wp\/v2\/media?parent=103804"}],"wp:term":[{"taxonomy":"category","embeddable":true,"href":"https:\/\/www.sudoestehoje.com.br\/novoportal\/wp-json\/wp\/v2\/categories?post=103804"},{"taxonomy":"post_tag","embeddable":true,"href":"https:\/\/www.sudoestehoje.com.br\/novoportal\/wp-json\/wp\/v2\/tags?post=103804"}],"curies":[{"name":"wp","href":"https:\/\/api.w.org\/{rel}","templated":true}]}}