
{"id":103784,"date":"2022-07-31T18:35:55","date_gmt":"2022-07-31T21:35:55","guid":{"rendered":"https:\/\/www.sudoestehoje.com.br\/novoportal\/?p=103784"},"modified":"2022-07-31T18:35:55","modified_gmt":"2022-07-31T21:35:55","slug":"selecao-de-wenceslau-guimaraes-goleia-o-atletico-itapetingense-e-conquista-a-copa-intervale-2022","status":"publish","type":"post","link":"https:\/\/www.sudoestehoje.com.br\/novoportal\/2022\/07\/31\/selecao-de-wenceslau-guimaraes-goleia-o-atletico-itapetingense-e-conquista-a-copa-intervale-2022\/","title":{"rendered":"SELE\u00c7\u00c3O DE WENCESLAU GUIMAR\u00c3ES GOLEIA O ATL\u00c9TICO ITAPETINGENSE E CONQUISTA A COPA INTERVALE 2022"},"content":{"rendered":"<p><a href=\"https:\/\/www.sudoestehoje.com.br\/novoportal\/wp-content\/uploads\/2022\/07\/sele\u00e7\u00e3o-de-wenceslau-guimar\u00e3es-campe\u00e3o-do-intervale-2022-1.jpg\"><img loading=\"lazy\" decoding=\"async\" class=\"aligncenter size-medium wp-image-103787\" src=\"https:\/\/www.sudoestehoje.com.br\/novoportal\/wp-content\/uploads\/2022\/07\/sele\u00e7\u00e3o-de-wenceslau-guimar\u00e3es-campe\u00e3o-do-intervale-2022-1-500x279.jpg\" alt=\"\" width=\"500\" height=\"279\" srcset=\"https:\/\/www.sudoestehoje.com.br\/novoportal\/wp-content\/uploads\/2022\/07\/sele\u00e7\u00e3o-de-wenceslau-guimar\u00e3es-campe\u00e3o-do-intervale-2022-1-500x279.jpg 500w, https:\/\/www.sudoestehoje.com.br\/novoportal\/wp-content\/uploads\/2022\/07\/sele\u00e7\u00e3o-de-wenceslau-guimar\u00e3es-campe\u00e3o-do-intervale-2022-1.jpg 544w\" sizes=\"auto, (max-width: 500px) 100vw, 500px\" \/><\/a><\/p>\n<p>Na tarde deste s\u00e1bado (30) foi conhecida a grande campe\u00e3 da Copa Intervale 2022. Ap\u00f3s perder por 2 a 0 no est\u00e1dio \u201dPrimaver\u00e3o\u201d, em Itapetinga, a Sele\u00e7\u00e3o de Wenceslau Guimar\u00e3es fez o jogo de volta em seu est\u00e1dio, o \u201cPoc\u00e3o\u201d, e goleou o Atl\u00e9tico Itapetinguense pelo placar de 4 a 0, consagra-se campe\u00e3 da 7\u00aa edi\u00e7\u00e3o da competi\u00e7\u00e3o.<\/p>\n<p>Ap\u00f3s a decis\u00e3o, a organiza\u00e7\u00e3o da competi\u00e7\u00e3o realizou a cerim\u00f4nia de premia\u00e7\u00e3o dos campe\u00f5es.\u00a0A Copa Intervale \u00e9 organizada pelo vereador de Uba\u00edra e desportista Laelson Leal, e conta com apoio da Federa\u00e7\u00e3o Bahiana de Futebol (FBF).<\/p>\n<p>Este ano, a competi\u00e7\u00e3o que \u00e9 considerada a segunda maior do futebol amador da Bahia, atr\u00e1s apenas do Campeonato Intermunicipal, teve a participa\u00e7\u00e3o de 57 equipes de cidades espalhadas por diversas regi\u00f5es da Bahia.<\/p>\n","protected":false},"excerpt":{"rendered":"<p>Na tarde deste s\u00e1bado (30) foi conhecida a grande campe\u00e3 da Copa Intervale 2022. Ap\u00f3s perder por 2 a 0 no est\u00e1dio \u201dPrimaver\u00e3o\u201d, em Itapetinga, a Sele\u00e7\u00e3o de Wenceslau Guimar\u00e3es fez o jogo de volta em seu est\u00e1dio, o \u201cPoc\u00e3o\u201d, e goleou o Atl\u00e9tico Itapetinguense pelo placar de 4 a 0, consagra-se campe\u00e3 da 7\u00aa [&hellip;]<\/p>\n","protected":false},"author":2,"featured_media":103787,"comment_status":"open","ping_status":"open","sticky":false,"template":"","format":"standard","meta":{"footnotes":"","_links_to":"","_links_to_target":""},"categories":[1],"tags":[],"class_list":["post-103784","post","type-post","status-publish","format-standard","has-post-thumbnail","hentry","category-geral"],"views":939,"_links":{"self":[{"href":"https:\/\/www.sudoestehoje.com.br\/novoportal\/wp-json\/wp\/v2\/posts\/103784","targetHints":{"allow":["GET"]}}],"collection":[{"href":"https:\/\/www.sudoestehoje.com.br\/novoportal\/wp-json\/wp\/v2\/posts"}],"about":[{"href":"https:\/\/www.sudoestehoje.com.br\/novoportal\/wp-json\/wp\/v2\/types\/post"}],"author":[{"embeddable":true,"href":"https:\/\/www.sudoestehoje.com.br\/novoportal\/wp-json\/wp\/v2\/users\/2"}],"replies":[{"embeddable":true,"href":"https:\/\/www.sudoestehoje.com.br\/novoportal\/wp-json\/wp\/v2\/comments?post=103784"}],"version-history":[{"count":2,"href":"https:\/\/www.sudoestehoje.com.br\/novoportal\/wp-json\/wp\/v2\/posts\/103784\/revisions"}],"predecessor-version":[{"id":103788,"href":"https:\/\/www.sudoestehoje.com.br\/novoportal\/wp-json\/wp\/v2\/posts\/103784\/revisions\/103788"}],"wp:featuredmedia":[{"embeddable":true,"href":"https:\/\/www.sudoestehoje.com.br\/novoportal\/wp-json\/wp\/v2\/media\/103787"}],"wp:attachment":[{"href":"https:\/\/www.sudoestehoje.com.br\/novoportal\/wp-json\/wp\/v2\/media?parent=103784"}],"wp:term":[{"taxonomy":"category","embeddable":true,"href":"https:\/\/www.sudoestehoje.com.br\/novoportal\/wp-json\/wp\/v2\/categories?post=103784"},{"taxonomy":"post_tag","embeddable":true,"href":"https:\/\/www.sudoestehoje.com.br\/novoportal\/wp-json\/wp\/v2\/tags?post=103784"}],"curies":[{"name":"wp","href":"https:\/\/api.w.org\/{rel}","templated":true}]}}