
{"id":103777,"date":"2022-07-30T22:00:43","date_gmt":"2022-07-31T01:00:43","guid":{"rendered":"https:\/\/www.sudoestehoje.com.br\/novoportal\/?p=103777"},"modified":"2022-07-30T22:00:43","modified_gmt":"2022-07-31T01:00:43","slug":"interior-da-bahia-tem-3-casos-confirmados-da-variola-dos-macacos","status":"publish","type":"post","link":"https:\/\/www.sudoestehoje.com.br\/novoportal\/2022\/07\/30\/interior-da-bahia-tem-3-casos-confirmados-da-variola-dos-macacos\/","title":{"rendered":"INTERIOR DA BAHIA TEM 3 CASOS CONFIRMADOS DA VAR\u00cdOLA DOS MACACOS"},"content":{"rendered":"<p><a href=\"https:\/\/www.sudoestehoje.com.br\/novoportal\/wp-content\/uploads\/2022\/07\/noticia_559116_img1_00monkeypox.jpg\"><img loading=\"lazy\" decoding=\"async\" class=\"aligncenter size-medium wp-image-103782\" src=\"https:\/\/www.sudoestehoje.com.br\/novoportal\/wp-content\/uploads\/2022\/07\/noticia_559116_img1_00monkeypox-500x334.jpg\" alt=\"\" width=\"500\" height=\"334\" srcset=\"https:\/\/www.sudoestehoje.com.br\/novoportal\/wp-content\/uploads\/2022\/07\/noticia_559116_img1_00monkeypox-500x334.jpg 500w, https:\/\/www.sudoestehoje.com.br\/novoportal\/wp-content\/uploads\/2022\/07\/noticia_559116_img1_00monkeypox.jpg 600w\" sizes=\"auto, (max-width: 500px) 100vw, 500px\" \/><\/a><\/p>\n<p>A Secretaria de Sa\u00fade do Estado da Bahia (Sesab) informou neste s\u00e1bado (30), que registrou os tr\u00eas primeiros casos confirmados da \u201cMonkeypox\u201d, doen\u00e7a conhecida como var\u00edola dos macacos, no interior do estado.\u00a0<a href=\"https:\/\/g1.globo.com\/ba\/bahia\/cidade\/salvador\/\">Salvador<\/a>\u00a0agora contabiliza nove casos.<\/p>\n<div class=\"mc-column content-text active-extra-styles \" data-block-type=\"unstyled\" data-block-weight=\"32\" data-block-id=\"4\">\n<p class=\"content-text__container \" data-track-category=\"Link no Texto\" data-track-links=\"\">De acordo com a Sesab, dois dos casos confirmados no interior do estado foram registrados em\u00a0<a href=\"https:\/\/g1.globo.com\/ba\/bahia\/cidade\/santo-antonio-de-jesus\/\">Santo Ant\u00f4nio de Jesus<\/a>, no rec\u00f4ncavo baiano. O outro \u00e9 em\u00a0<a href=\"https:\/\/g1.globo.com\/ba\/bahia\/cidade\/ilheus\/\">Ilh\u00e9us<\/a>, no sul da Bahia.<\/p>\n<\/div>\n<div class=\"mc-column content-text active-extra-styles \" data-block-type=\"unstyled\" data-block-weight=\"29\" data-block-id=\"5\">\n<p class=\"content-text__container \" data-track-category=\"Link no Texto\" data-track-links=\"\">O\u00a0<a href=\"https:\/\/g1.globo.com\/ba\/bahia\/noticia\/2022\/07\/13\/bahia-registra-primeiro-caso-de-variola-dos-macacos.ghtml\">primeiro caso da Monkeypox no estado ocorreu no dia 13 de julho<\/a>. Ainda de acordo com o \u00f3rg\u00e3o de sa\u00fade, a Bahia tem 50 casos suspeitos da &#8220;Monkeypox&#8221;.<\/p>\n<p data-track-category=\"Link no Texto\" data-track-links=\"\">S\u00e3o notifica\u00e7\u00f5es dos seguintes munic\u00edpios:<\/p>\n<p data-track-category=\"Link no Texto\" data-track-links=\"\"><a href=\"https:\/\/g1.globo.com\/ba\/bahia\/cidade\/amargosa\/\">Amargosa<\/a>\u00a0(1),\u00a0<a href=\"https:\/\/g1.globo.com\/ba\/bahia\/cidade\/aratuipe\/\">Aratu\u00edpe<\/a>\u00a0(1),\u00a0<a href=\"https:\/\/g1.globo.com\/ba\/bahia\/cidade\/barra\/\">Barra<\/a>\u00a0(1),\u00a0<a href=\"https:\/\/g1.globo.com\/ba\/bahia\/cidade\/cairu\/\">Cairu<\/a>\u00a0(1),\u00a0<a href=\"https:\/\/g1.globo.com\/ba\/bahia\/cidade\/camacari\/\">Cama\u00e7ari<\/a>\u00a0(2),\u00a0<a href=\"https:\/\/g1.globo.com\/ba\/bahia\/cidade\/canarana-ba\/\">Canarana<\/a>\u00a0(1),\u00a0<a href=\"https:\/\/g1.globo.com\/ba\/bahia\/cidade\/conceicao-do-coite\/\">Concei\u00e7\u00e3o do Coit\u00e9<\/a>\u00a0(1),\u00a0<a href=\"https:\/\/g1.globo.com\/ba\/bahia\/cidade\/conceicao-do-jacuipe\/\">Concei\u00e7\u00e3o do Jacu\u00edpe<\/a>\u00a0(1),\u00a0<a href=\"https:\/\/g1.globo.com\/ba\/bahia\/cidade\/cruz-das-almas\/\">Cruz das Almas<\/a>\u00a0(1), Dias D\u2019\u00c1vila (1),\u00a0<a href=\"https:\/\/g1.globo.com\/ba\/bahia\/cidade\/ibicarai\/\">Ibicara\u00ed<\/a>\u00a0(2),\u00a0<a href=\"https:\/\/g1.globo.com\/ba\/bahia\/cidade\/itaberaba\/\">Itaberaba<\/a>\u00a0(4),\u00a0<a href=\"https:\/\/g1.globo.com\/ba\/bahia\/cidade\/itapebi\/\">Itapebi<\/a>\u00a0(1), Itiru\u00e7i (1),\u00a0<a href=\"https:\/\/g1.globo.com\/ba\/bahia\/cidade\/jaguaripe\/\">Jaguaripe<\/a>\u00a0(1),\u00a0<a href=\"https:\/\/g1.globo.com\/ba\/bahia\/cidade\/lauro-de-freitas\/\">Lauro de Freitas<\/a>\u00a0(1),\u00a0<a href=\"https:\/\/g1.globo.com\/ba\/bahia\/cidade\/nazare-ba\/\">Nazar\u00e9<\/a>\u00a0(1), Salvador (19),\u00a0<a href=\"https:\/\/g1.globo.com\/ba\/bahia\/cidade\/santa-cruz-cabralia\/\">Santa Cruz Cabr\u00e1lia<\/a>\u00a0(4), Santo Ant\u00f4nio de Jesus (1),\u00a0<a href=\"https:\/\/g1.globo.com\/ba\/bahia\/cidade\/sao-goncalo-dos-campos\/\">S\u00e3o Gon\u00e7alo dos Campos<\/a>\u00a0(1),\u00a0<a href=\"https:\/\/g1.globo.com\/ba\/bahia\/cidade\/sao-miguel-das-matas\/\">S\u00e3o Miguel das Matas<\/a>\u00a0(1),\u00a0<a href=\"https:\/\/g1.globo.com\/ba\/bahia\/cidade\/ubaira\/\">Uba\u00edra<\/a>\u00a0(1) e Vitoria da Conquista (1).<\/p>\n<\/div>\n","protected":false},"excerpt":{"rendered":"<p>A Secretaria de Sa\u00fade do Estado da Bahia (Sesab) informou neste s\u00e1bado (30), que registrou os tr\u00eas primeiros casos confirmados da \u201cMonkeypox\u201d, doen\u00e7a conhecida como var\u00edola dos macacos, no interior do estado.\u00a0Salvador\u00a0agora contabiliza nove casos. De acordo com a Sesab, dois dos casos confirmados no interior do estado foram registrados em\u00a0Santo Ant\u00f4nio de Jesus, no [&hellip;]<\/p>\n","protected":false},"author":2,"featured_media":103782,"comment_status":"open","ping_status":"open","sticky":false,"template":"","format":"standard","meta":{"footnotes":"","_links_to":"","_links_to_target":""},"categories":[1],"tags":[],"class_list":["post-103777","post","type-post","status-publish","format-standard","has-post-thumbnail","hentry","category-geral"],"views":983,"_links":{"self":[{"href":"https:\/\/www.sudoestehoje.com.br\/novoportal\/wp-json\/wp\/v2\/posts\/103777","targetHints":{"allow":["GET"]}}],"collection":[{"href":"https:\/\/www.sudoestehoje.com.br\/novoportal\/wp-json\/wp\/v2\/posts"}],"about":[{"href":"https:\/\/www.sudoestehoje.com.br\/novoportal\/wp-json\/wp\/v2\/types\/post"}],"author":[{"embeddable":true,"href":"https:\/\/www.sudoestehoje.com.br\/novoportal\/wp-json\/wp\/v2\/users\/2"}],"replies":[{"embeddable":true,"href":"https:\/\/www.sudoestehoje.com.br\/novoportal\/wp-json\/wp\/v2\/comments?post=103777"}],"version-history":[{"count":5,"href":"https:\/\/www.sudoestehoje.com.br\/novoportal\/wp-json\/wp\/v2\/posts\/103777\/revisions"}],"predecessor-version":[{"id":103783,"href":"https:\/\/www.sudoestehoje.com.br\/novoportal\/wp-json\/wp\/v2\/posts\/103777\/revisions\/103783"}],"wp:featuredmedia":[{"embeddable":true,"href":"https:\/\/www.sudoestehoje.com.br\/novoportal\/wp-json\/wp\/v2\/media\/103782"}],"wp:attachment":[{"href":"https:\/\/www.sudoestehoje.com.br\/novoportal\/wp-json\/wp\/v2\/media?parent=103777"}],"wp:term":[{"taxonomy":"category","embeddable":true,"href":"https:\/\/www.sudoestehoje.com.br\/novoportal\/wp-json\/wp\/v2\/categories?post=103777"},{"taxonomy":"post_tag","embeddable":true,"href":"https:\/\/www.sudoestehoje.com.br\/novoportal\/wp-json\/wp\/v2\/tags?post=103777"}],"curies":[{"name":"wp","href":"https:\/\/api.w.org\/{rel}","templated":true}]}}