
{"id":103768,"date":"2022-07-30T00:06:52","date_gmt":"2022-07-30T03:06:52","guid":{"rendered":"https:\/\/www.sudoestehoje.com.br\/novoportal\/?p=103768"},"modified":"2022-07-30T00:06:52","modified_gmt":"2022-07-30T03:06:52","slug":"eleicoes-deputado-adolfo-viana-psdb-volta-a-ser-cotado-para-vice-de-acm-neto","status":"publish","type":"post","link":"https:\/\/www.sudoestehoje.com.br\/novoportal\/2022\/07\/30\/eleicoes-deputado-adolfo-viana-psdb-volta-a-ser-cotado-para-vice-de-acm-neto\/","title":{"rendered":"ELEI\u00c7\u00d5ES | DEPUTADO ADOLFO VIANA (PSDB) VOLTA A SER COTADO PARA VICE DE ACM NETO"},"content":{"rendered":"<p><a href=\"https:\/\/www.sudoestehoje.com.br\/novoportal\/wp-content\/uploads\/2022\/07\/WhatsApp-Image-2022-07-30-at-00.00.18.jpeg\"><img loading=\"lazy\" decoding=\"async\" class=\"aligncenter size-medium wp-image-103773\" src=\"https:\/\/www.sudoestehoje.com.br\/novoportal\/wp-content\/uploads\/2022\/07\/WhatsApp-Image-2022-07-30-at-00.00.18-500x363.jpeg\" alt=\"\" width=\"500\" height=\"363\" srcset=\"https:\/\/www.sudoestehoje.com.br\/novoportal\/wp-content\/uploads\/2022\/07\/WhatsApp-Image-2022-07-30-at-00.00.18-500x363.jpeg 500w, https:\/\/www.sudoestehoje.com.br\/novoportal\/wp-content\/uploads\/2022\/07\/WhatsApp-Image-2022-07-30-at-00.00.18-700x508.jpeg 700w, https:\/\/www.sudoestehoje.com.br\/novoportal\/wp-content\/uploads\/2022\/07\/WhatsApp-Image-2022-07-30-at-00.00.18-768x558.jpeg 768w, https:\/\/www.sudoestehoje.com.br\/novoportal\/wp-content\/uploads\/2022\/07\/WhatsApp-Image-2022-07-30-at-00.00.18.jpeg 869w\" sizes=\"auto, (max-width: 500px) 100vw, 500px\" \/><\/a><\/p>\n<p>O deputado federal <strong>Adolfo Viana (PSDB)<\/strong> voltou a ser cotado a ocupar a vaga de vice na chapa de ACM Neto (UB) ao governo da Bahia. Segundo informa\u00e7\u00f5es do Bahia Not\u00edcias, a possibilidade de Viana ocupar o espa\u00e7o tem crescido por conta de um ajuste entre aliados.<\/p>\n<p style=\"font-weight: 400;\">De acordo com interlocutores do arco de apoio do ex-prefeito de Salvador, a possibilidade ganhou for\u00e7a ap\u00f3s a Neto buscar &#8220;realocar&#8221; o espa\u00e7o de Marcelo Nilo (Republicanos), que ainda segue sendo cotado para a vice. Nilo retornaria para a disputa a uma vaga na C\u00e2mara de Deputados, ancorado no capital eleitoral do tucano. O PSDB j\u00e1 tinha sinalizado anteriormente o desejo pela vaga.<\/p>\n<p style=\"font-weight: 400;\">O ajuste tamb\u00e9m passaria pela defini\u00e7\u00e3o do nome para a vice, de acordo com um dos aliados de Neto. O pr\u00e9-candidato ao governo teria &#8220;estreitado&#8221; a decis\u00e3o, apesar de ainda n\u00e3o ter batido o martelo sobre o nome. A previs\u00e3o \u00e9 que as defini\u00e7\u00f5es devam ocorrer apenas na pr\u00f3xima segunda-feira (1\u00ba).<\/p>\n","protected":false},"excerpt":{"rendered":"<p>O deputado federal Adolfo Viana (PSDB) voltou a ser cotado a ocupar a vaga de vice na chapa de ACM Neto (UB) ao governo da Bahia. Segundo informa\u00e7\u00f5es do Bahia Not\u00edcias, a possibilidade de Viana ocupar o espa\u00e7o tem crescido por conta de um ajuste entre aliados. De acordo com interlocutores do arco de apoio [&hellip;]<\/p>\n","protected":false},"author":2,"featured_media":103773,"comment_status":"open","ping_status":"open","sticky":false,"template":"","format":"standard","meta":{"footnotes":"","_links_to":"","_links_to_target":""},"categories":[1],"tags":[],"class_list":["post-103768","post","type-post","status-publish","format-standard","has-post-thumbnail","hentry","category-geral"],"views":860,"_links":{"self":[{"href":"https:\/\/www.sudoestehoje.com.br\/novoportal\/wp-json\/wp\/v2\/posts\/103768","targetHints":{"allow":["GET"]}}],"collection":[{"href":"https:\/\/www.sudoestehoje.com.br\/novoportal\/wp-json\/wp\/v2\/posts"}],"about":[{"href":"https:\/\/www.sudoestehoje.com.br\/novoportal\/wp-json\/wp\/v2\/types\/post"}],"author":[{"embeddable":true,"href":"https:\/\/www.sudoestehoje.com.br\/novoportal\/wp-json\/wp\/v2\/users\/2"}],"replies":[{"embeddable":true,"href":"https:\/\/www.sudoestehoje.com.br\/novoportal\/wp-json\/wp\/v2\/comments?post=103768"}],"version-history":[{"count":4,"href":"https:\/\/www.sudoestehoje.com.br\/novoportal\/wp-json\/wp\/v2\/posts\/103768\/revisions"}],"predecessor-version":[{"id":103775,"href":"https:\/\/www.sudoestehoje.com.br\/novoportal\/wp-json\/wp\/v2\/posts\/103768\/revisions\/103775"}],"wp:featuredmedia":[{"embeddable":true,"href":"https:\/\/www.sudoestehoje.com.br\/novoportal\/wp-json\/wp\/v2\/media\/103773"}],"wp:attachment":[{"href":"https:\/\/www.sudoestehoje.com.br\/novoportal\/wp-json\/wp\/v2\/media?parent=103768"}],"wp:term":[{"taxonomy":"category","embeddable":true,"href":"https:\/\/www.sudoestehoje.com.br\/novoportal\/wp-json\/wp\/v2\/categories?post=103768"},{"taxonomy":"post_tag","embeddable":true,"href":"https:\/\/www.sudoestehoje.com.br\/novoportal\/wp-json\/wp\/v2\/tags?post=103768"}],"curies":[{"name":"wp","href":"https:\/\/api.w.org\/{rel}","templated":true}]}}