
{"id":103764,"date":"2022-07-29T23:35:32","date_gmt":"2022-07-30T02:35:32","guid":{"rendered":"https:\/\/www.sudoestehoje.com.br\/novoportal\/?p=103764"},"modified":"2022-07-29T23:35:32","modified_gmt":"2022-07-30T02:35:32","slug":"itapetinga-secretaria-de-educacao-adquire-novos-veiculos-com-recursos-do-fundeb","status":"publish","type":"post","link":"https:\/\/www.sudoestehoje.com.br\/novoportal\/2022\/07\/29\/itapetinga-secretaria-de-educacao-adquire-novos-veiculos-com-recursos-do-fundeb\/","title":{"rendered":"ITAPETINGA | SECRETARIA DE EDUCA\u00c7\u00c3O ADQUIRE NOVOS VE\u00cdCULOS COM RECURSOS DO FUNDEB"},"content":{"rendered":"<p><a href=\"https:\/\/www.sudoestehoje.com.br\/novoportal\/wp-content\/uploads\/2022\/07\/WhatsApp-Image-2022-07-29-at-18.46.19.jpeg\"><img loading=\"lazy\" decoding=\"async\" class=\"aligncenter size-medium wp-image-103766\" src=\"https:\/\/www.sudoestehoje.com.br\/novoportal\/wp-content\/uploads\/2022\/07\/WhatsApp-Image-2022-07-29-at-18.46.19-500x282.jpeg\" alt=\"\" width=\"500\" height=\"282\" srcset=\"https:\/\/www.sudoestehoje.com.br\/novoportal\/wp-content\/uploads\/2022\/07\/WhatsApp-Image-2022-07-29-at-18.46.19-500x282.jpeg 500w, https:\/\/www.sudoestehoje.com.br\/novoportal\/wp-content\/uploads\/2022\/07\/WhatsApp-Image-2022-07-29-at-18.46.19-700x394.jpeg 700w, https:\/\/www.sudoestehoje.com.br\/novoportal\/wp-content\/uploads\/2022\/07\/WhatsApp-Image-2022-07-29-at-18.46.19-768x432.jpeg 768w, https:\/\/www.sudoestehoje.com.br\/novoportal\/wp-content\/uploads\/2022\/07\/WhatsApp-Image-2022-07-29-at-18.46.19-1536x865.jpeg 1536w, https:\/\/www.sudoestehoje.com.br\/novoportal\/wp-content\/uploads\/2022\/07\/WhatsApp-Image-2022-07-29-at-18.46.19.jpeg 1600w\" sizes=\"auto, (max-width: 500px) 100vw, 500px\" \/><\/a><\/p>\n<p>Dois novos ve\u00edculos foram adquiridos pela Secretaria Municipal de Educa\u00e7\u00e3o, com a utiliza\u00e7\u00e3o de recursos oriundos do Fundo de Desenvolvimento da Educa\u00e7\u00e3o B\u00e1sica &#8211; FUNDEB.<\/p>\n<p>De acordo com informa\u00e7\u00f5es do secret\u00e1rio F\u00e1bio Viana, os dois ve\u00edculos ser\u00e3o utilizados pelo Centro de Atendimento Educacional Especializado e pelo Departamento de Escolas do Campo.<\/p>\n<p>Na atual gest\u00e3o, a frota mecanizada da prefeitura de Itapetinga vem sendo renovada periodicamente, para dar mais agilidade nas a\u00e7\u00f5es desenvolvidas pelas secretarias municipais.<\/p>\n<p><em><strong>Por Davi Ferraz<\/strong><\/em><\/p>\n","protected":false},"excerpt":{"rendered":"<p>Dois novos ve\u00edculos foram adquiridos pela Secretaria Municipal de Educa\u00e7\u00e3o, com a utiliza\u00e7\u00e3o de recursos oriundos do Fundo de Desenvolvimento da Educa\u00e7\u00e3o B\u00e1sica &#8211; FUNDEB. De acordo com informa\u00e7\u00f5es do secret\u00e1rio F\u00e1bio Viana, os dois ve\u00edculos ser\u00e3o utilizados pelo Centro de Atendimento Educacional Especializado e pelo Departamento de Escolas do Campo. Na atual gest\u00e3o, a [&hellip;]<\/p>\n","protected":false},"author":2,"featured_media":103766,"comment_status":"open","ping_status":"open","sticky":false,"template":"","format":"standard","meta":{"footnotes":"","_links_to":"","_links_to_target":""},"categories":[1],"tags":[],"class_list":["post-103764","post","type-post","status-publish","format-standard","has-post-thumbnail","hentry","category-geral"],"views":923,"_links":{"self":[{"href":"https:\/\/www.sudoestehoje.com.br\/novoportal\/wp-json\/wp\/v2\/posts\/103764","targetHints":{"allow":["GET"]}}],"collection":[{"href":"https:\/\/www.sudoestehoje.com.br\/novoportal\/wp-json\/wp\/v2\/posts"}],"about":[{"href":"https:\/\/www.sudoestehoje.com.br\/novoportal\/wp-json\/wp\/v2\/types\/post"}],"author":[{"embeddable":true,"href":"https:\/\/www.sudoestehoje.com.br\/novoportal\/wp-json\/wp\/v2\/users\/2"}],"replies":[{"embeddable":true,"href":"https:\/\/www.sudoestehoje.com.br\/novoportal\/wp-json\/wp\/v2\/comments?post=103764"}],"version-history":[{"count":2,"href":"https:\/\/www.sudoestehoje.com.br\/novoportal\/wp-json\/wp\/v2\/posts\/103764\/revisions"}],"predecessor-version":[{"id":103767,"href":"https:\/\/www.sudoestehoje.com.br\/novoportal\/wp-json\/wp\/v2\/posts\/103764\/revisions\/103767"}],"wp:featuredmedia":[{"embeddable":true,"href":"https:\/\/www.sudoestehoje.com.br\/novoportal\/wp-json\/wp\/v2\/media\/103766"}],"wp:attachment":[{"href":"https:\/\/www.sudoestehoje.com.br\/novoportal\/wp-json\/wp\/v2\/media?parent=103764"}],"wp:term":[{"taxonomy":"category","embeddable":true,"href":"https:\/\/www.sudoestehoje.com.br\/novoportal\/wp-json\/wp\/v2\/categories?post=103764"},{"taxonomy":"post_tag","embeddable":true,"href":"https:\/\/www.sudoestehoje.com.br\/novoportal\/wp-json\/wp\/v2\/tags?post=103764"}],"curies":[{"name":"wp","href":"https:\/\/api.w.org\/{rel}","templated":true}]}}