
{"id":103756,"date":"2022-07-29T11:15:19","date_gmt":"2022-07-29T14:15:19","guid":{"rendered":"https:\/\/www.sudoestehoje.com.br\/novoportal\/?p=103756"},"modified":"2022-07-29T11:15:19","modified_gmt":"2022-07-29T14:15:19","slug":"itapetinga-prefeitura-adquire-novos-veiculos-para-a-area-da-saude","status":"publish","type":"post","link":"https:\/\/www.sudoestehoje.com.br\/novoportal\/2022\/07\/29\/itapetinga-prefeitura-adquire-novos-veiculos-para-a-area-da-saude\/","title":{"rendered":"ITAPETINGA | PREFEITURA ADQUIRE NOVOS VE\u00cdCULOS PARA A \u00c1REA DA SA\u00daDE"},"content":{"rendered":"<p><a href=\"https:\/\/www.sudoestehoje.com.br\/novoportal\/wp-content\/uploads\/2022\/07\/WhatsApp-Image-2022-07-29-at-10.35.19.jpeg\"><img loading=\"lazy\" decoding=\"async\" class=\"aligncenter size-medium wp-image-103757\" src=\"https:\/\/www.sudoestehoje.com.br\/novoportal\/wp-content\/uploads\/2022\/07\/WhatsApp-Image-2022-07-29-at-10.35.19-500x282.jpeg\" alt=\"\" width=\"500\" height=\"282\" srcset=\"https:\/\/www.sudoestehoje.com.br\/novoportal\/wp-content\/uploads\/2022\/07\/WhatsApp-Image-2022-07-29-at-10.35.19-500x282.jpeg 500w, https:\/\/www.sudoestehoje.com.br\/novoportal\/wp-content\/uploads\/2022\/07\/WhatsApp-Image-2022-07-29-at-10.35.19-700x394.jpeg 700w, https:\/\/www.sudoestehoje.com.br\/novoportal\/wp-content\/uploads\/2022\/07\/WhatsApp-Image-2022-07-29-at-10.35.19-768x432.jpeg 768w, https:\/\/www.sudoestehoje.com.br\/novoportal\/wp-content\/uploads\/2022\/07\/WhatsApp-Image-2022-07-29-at-10.35.19-1536x865.jpeg 1536w, https:\/\/www.sudoestehoje.com.br\/novoportal\/wp-content\/uploads\/2022\/07\/WhatsApp-Image-2022-07-29-at-10.35.19.jpeg 1600w\" sizes=\"auto, (max-width: 500px) 100vw, 500px\" \/><\/a><\/p>\n<p>Atrav\u00e9s de recursos do governo federal, a Secretaria de Sa\u00fade do Munic\u00edpio de Itapetinga adquiriu um micro-\u00f4nibus e dois ve\u00edculos Gol, para serem utilizados no transporte de pacientes e servi\u00e7os da pr\u00f3pria secretaria.<\/p>\n<p>Segundo o secret\u00e1rio Hugo Cunha, o micro-\u00f4nibus foi adquirido com a sobra de recursos da Covid-19 e servir\u00e1 para fazer o transporte de pacientes regulados para hospitais em Salvador, Vit\u00f3ria da Conquista e outras cidades.<\/p>\n<p>Um dos ve\u00edculos Gol foi adquirido atrav\u00e9s de Emenda Parlamentar da deputada federal L\u00eddice da Mata (PSB), por solicita\u00e7\u00e3o do vereador Geg\u00ea, que faz parte da base do prefeito Rodrigo Hagge.<\/p>\n<p><strong><em>Por Davi Ferraz<\/em><\/strong><\/p>\n","protected":false},"excerpt":{"rendered":"<p>Atrav\u00e9s de recursos do governo federal, a Secretaria de Sa\u00fade do Munic\u00edpio de Itapetinga adquiriu um micro-\u00f4nibus e dois ve\u00edculos Gol, para serem utilizados no transporte de pacientes e servi\u00e7os da pr\u00f3pria secretaria. Segundo o secret\u00e1rio Hugo Cunha, o micro-\u00f4nibus foi adquirido com a sobra de recursos da Covid-19 e servir\u00e1 para fazer o transporte [&hellip;]<\/p>\n","protected":false},"author":2,"featured_media":103757,"comment_status":"open","ping_status":"open","sticky":false,"template":"","format":"standard","meta":{"footnotes":"","_links_to":"","_links_to_target":""},"categories":[1],"tags":[],"class_list":["post-103756","post","type-post","status-publish","format-standard","has-post-thumbnail","hentry","category-geral"],"views":966,"_links":{"self":[{"href":"https:\/\/www.sudoestehoje.com.br\/novoportal\/wp-json\/wp\/v2\/posts\/103756","targetHints":{"allow":["GET"]}}],"collection":[{"href":"https:\/\/www.sudoestehoje.com.br\/novoportal\/wp-json\/wp\/v2\/posts"}],"about":[{"href":"https:\/\/www.sudoestehoje.com.br\/novoportal\/wp-json\/wp\/v2\/types\/post"}],"author":[{"embeddable":true,"href":"https:\/\/www.sudoestehoje.com.br\/novoportal\/wp-json\/wp\/v2\/users\/2"}],"replies":[{"embeddable":true,"href":"https:\/\/www.sudoestehoje.com.br\/novoportal\/wp-json\/wp\/v2\/comments?post=103756"}],"version-history":[{"count":1,"href":"https:\/\/www.sudoestehoje.com.br\/novoportal\/wp-json\/wp\/v2\/posts\/103756\/revisions"}],"predecessor-version":[{"id":103758,"href":"https:\/\/www.sudoestehoje.com.br\/novoportal\/wp-json\/wp\/v2\/posts\/103756\/revisions\/103758"}],"wp:featuredmedia":[{"embeddable":true,"href":"https:\/\/www.sudoestehoje.com.br\/novoportal\/wp-json\/wp\/v2\/media\/103757"}],"wp:attachment":[{"href":"https:\/\/www.sudoestehoje.com.br\/novoportal\/wp-json\/wp\/v2\/media?parent=103756"}],"wp:term":[{"taxonomy":"category","embeddable":true,"href":"https:\/\/www.sudoestehoje.com.br\/novoportal\/wp-json\/wp\/v2\/categories?post=103756"},{"taxonomy":"post_tag","embeddable":true,"href":"https:\/\/www.sudoestehoje.com.br\/novoportal\/wp-json\/wp\/v2\/tags?post=103756"}],"curies":[{"name":"wp","href":"https:\/\/api.w.org\/{rel}","templated":true}]}}